{"id":16840,"date":"2017-10-10T17:53:08","date_gmt":"2017-10-10T17:53:08","guid":{"rendered":"https:\/\/portal.sma.gob.cl\/index.php\/2017\/10\/10\/sma-celebra-su-septimo-aniversario-institucional\/"},"modified":"2017-10-10T17:53:08","modified_gmt":"2017-10-10T17:53:08","slug":"sma-celebra-su-septimo-aniversario-institucional","status":"publish","type":"post","link":"https:\/\/portal.sma.gob.cl\/index.php\/sma-celebra-su-septimo-aniversario-institucional\/","title":{"rendered":"SMA celebra su s\u00e9ptimo aniversario institucional"},"content":{"rendered":"<p style=\"text-align: justify;\"><strong><img decoding=\"async\" class=\"size-auto size-full wp-image-16839\" src=\"https:\/\/portal.sma.gob.cl\/wp-content\/uploads\/2017\/10\/nota-ANIVERSARIO7.jpg\" alt=\"nota-ANIVERSARIO7\" width=\"760\" height=\"360\" srcset=\"https:\/\/portal.sma.gob.cl\/wp-content\/uploads\/2017\/10\/nota-ANIVERSARIO7-200x95.jpg 200w, https:\/\/portal.sma.gob.cl\/wp-content\/uploads\/2017\/10\/nota-ANIVERSARIO7-300x142.jpg 300w, https:\/\/portal.sma.gob.cl\/wp-content\/uploads\/2017\/10\/nota-ANIVERSARIO7-400x189.jpg 400w, https:\/\/portal.sma.gob.cl\/wp-content\/uploads\/2017\/10\/nota-ANIVERSARIO7-600x284.jpg 600w, https:\/\/portal.sma.gob.cl\/wp-content\/uploads\/2017\/10\/nota-ANIVERSARIO7.jpg 760w\" sizes=\"(max-width: 760px) 100vw, 760px\" \/><\/strong><\/p>\n<p style=\"text-align: justify;\"><strong>Con la presencia de los m\u00e1s de 200 funcionarios de la instituci\u00f3n se realiz\u00f3 una celebraci\u00f3n donde se repasaron los hitos de los siete a\u00f1os del organismo.<\/strong><\/p>\n<p>  <!--more-->  <\/p>\n<p style=\"text-align: justify;\"><strong>Santiago, 5 de octubre de 2017.<\/strong> \u201cDesde los d\u00edas aquellos en que se instal\u00f3 esta instituci\u00f3n en el a\u00f1o 2011, no hemos dejado de crecer y crecer y crecer. Todos los a\u00f1os hemos ido sumando colegas tanto en Santiago como en regiones\u201d. Con estas palabras, el Superintendente del Medio Ambiente, Cristi\u00e1n Franz, dio inicio a su discurso en el marco de la celebraci\u00f3n del s\u00e9ptimo aniversario institucional de la SMA, ante los m\u00e1s de 200 funcionarios que se congregaron en la ocasi\u00f3n.<\/p>\n<p style=\"text-align: justify;\">El Superintendente repas\u00f3 las inauguraciones de las oficinas regionales de la SMA, que hoy se encuentran en 12 capitales regionales. \u201cLas 3 que nos faltan ser\u00e1n abiertas el pr\u00f3ximo a\u00f1o tal como fue nuestro compromiso, pues esta semana aseguramos en el Congreso los recursos para ello\u201d, asegur\u00f3. Asimismo, repas\u00f3 los protocolos firmados para la nueva pol\u00edtica de personas de la SMA, que incluye procedimientos de inducci\u00f3n, reclutamiento y selecci\u00f3n, egreso, conciliaci\u00f3n de la vida laboral, familiar y personal, entre otros.&nbsp;<\/p>\n<p style=\"text-align: justify;\">\u201cCuando me preguntan qu\u00e9 es lo que m\u00e1s me ha gustado de mi cargo como Superintendente del Medio Ambiente, siempre contesto que ha sido dirigir y liderar a este grupo de personas. A cada momento descubro nuevas cualidades, virtudes y desaf\u00edos en ustedes\u201d, afirm\u00f3 el Superintendente Franz, quien adem\u00e1s realiz\u00f3 un repaso por la labor de cada una de las \u00e1reas que conforman la SMA.&nbsp;<\/p>\n<p style=\"text-align: justify;\">M\u00e1s informaci\u00f3n en:&nbsp;<a class=\"doclink\" href=\"index.php?option=com_docman&amp;task=doc_download&amp;gid=628&amp;Itemid=280\"><img decoding=\"async\" class=\" size-full wp-image-15480\" src=\"https:\/\/portal.sma.gob.cl\/wp-content\/uploads\/2012\/07\/pdf.png\" alt=\"icon\" border=\"0\" width=\"16\" height=\"16\" \/>&nbsp;Discurso Superintendente- S\u00e9ptimo Aniversario SMA<\/a><\/p>\n","protected":false},"excerpt":{"rendered":"<p>Con la presencia de los m\u00e1s de 200 funcionarios de la instituci\u00f3n se realiz\u00f3 una celebraci\u00f3n donde se repasaron los hitos de los siete a\u00f1os del organismo.<\/p>\n","protected":false},"author":3,"featured_media":16839,"comment_status":"open","ping_status":"open","sticky":false,"template":"","format":"standard","meta":{"footnotes":""},"categories":[1],"tags":[],"class_list":["post-16840","post","type-post","status-publish","format-standard","has-post-thumbnail","hentry","category-sin-categoria"],"_links":{"self":[{"href":"https:\/\/portal.sma.gob.cl\/index.php\/wp-json\/wp\/v2\/posts\/16840","targetHints":{"allow":["GET"]}}],"collection":[{"href":"https:\/\/portal.sma.gob.cl\/index.php\/wp-json\/wp\/v2\/posts"}],"about":[{"href":"https:\/\/portal.sma.gob.cl\/index.php\/wp-json\/wp\/v2\/types\/post"}],"author":[{"embeddable":true,"href":"https:\/\/portal.sma.gob.cl\/index.php\/wp-json\/wp\/v2\/users\/3"}],"replies":[{"embeddable":true,"href":"https:\/\/portal.sma.gob.cl\/index.php\/wp-json\/wp\/v2\/comments?post=16840"}],"version-history":[{"count":0,"href":"https:\/\/portal.sma.gob.cl\/index.php\/wp-json\/wp\/v2\/posts\/16840\/revisions"}],"wp:featuredmedia":[{"embeddable":true,"href":"https:\/\/portal.sma.gob.cl\/index.php\/wp-json\/wp\/v2\/media\/16839"}],"wp:attachment":[{"href":"https:\/\/portal.sma.gob.cl\/index.php\/wp-json\/wp\/v2\/media?parent=16840"}],"wp:term":[{"taxonomy":"category","embeddable":true,"href":"https:\/\/portal.sma.gob.cl\/index.php\/wp-json\/wp\/v2\/categories?post=16840"},{"taxonomy":"post_tag","embeddable":true,"href":"https:\/\/portal.sma.gob.cl\/index.php\/wp-json\/wp\/v2\/tags?post=16840"}],"curies":[{"name":"wp","href":"https:\/\/api.w.org\/{rel}","templated":true}]}}