{"id":16844,"date":"2017-10-12T14:13:56","date_gmt":"2017-10-12T14:13:56","guid":{"rendered":"https:\/\/portal.sma.gob.cl\/index.php\/2017\/10\/12\/sma-comienza-el-proceso-de-planificacion-estrategica-regional-de-las-fiscalizaciones-ambientales-del-ano-2018\/"},"modified":"2017-10-12T14:13:56","modified_gmt":"2017-10-12T14:13:56","slug":"sma-comienza-el-proceso-de-planificacion-estrategica-regional-de-las-fiscalizaciones-ambientales-del-ano-2018","status":"publish","type":"post","link":"https:\/\/portal.sma.gob.cl\/index.php\/sma-comienza-el-proceso-de-planificacion-estrategica-regional-de-las-fiscalizaciones-ambientales-del-ano-2018\/","title":{"rendered":"SMA comienza el proceso de planificaci\u00f3n regional de las fiscalizaciones ambientales del a\u00f1o 2018"},"content":{"rendered":"<p style=\"text-align: justify;\"><strong><img decoding=\"async\" class=\"size-auto size-full wp-image-16843\" src=\"https:\/\/portal.sma.gob.cl\/wp-content\/uploads\/2017\/10\/NOTA-PROGRMACI%C3%93N.jpg\" alt=\"NOTA-PROGRMACI\u00d3N\" width=\"760\" height=\"360\" \/><\/strong><\/p>\n<p style=\"text-align: justify;\"><strong>Durante el mes de Octubre de 2017, la Superintendencia del Medio Ambiente en conjunto con los organismos p\u00fablicos que forman parte de la Red Nacional de Fiscalizaci\u00f3n, trabajaran en las definiciones de la estrategia de fiscalizaci\u00f3n de RCA para el pr\u00f3ximo a\u00f1o.<\/strong><\/p>\n<p>  <!--more-->  <\/p>\n<p style=\"text-align: justify;\"><strong>Valdivia, 11 de octubre de 2017.<\/strong> Esta ma\u00f1ana se llev\u00f3 a cabo en la ciudad de Valdivia, una de las quince reuniones del proceso de consulta regional de las prioridades de fiscalizaci\u00f3n ambiental de RCA para el a\u00f1o 2018, en el marco del ciclo de programaci\u00f3n de fiscalizaciones.<\/p>\n<p style=\"text-align: justify;\">En la oportunidad, el Jefe de la Oficina Regional, Eduardo Rodr\u00edguez, se reuni\u00f3 con sus contrapartes regionales de los servicios p\u00fablicos que forman parte de la Red Nacional de Fiscalizaci\u00f3n Ambiental (RENFA), y que realizan actividades de fiscalizaci\u00f3n ambiental.<\/p>\n<p style=\"text-align: justify;\">Esta actividad se replica en cada una de las regiones del pa\u00eds, con el objeto de hacer patente las prioridades de las distintas zonas. Ayer fue el turno de la ciudad de Temuco, y el proceso finalizar\u00e1 el 25 de octubre en la Regi\u00f3n Metropolitana. En estas reuniones se define con los equipos regionales, las prioridades de fiscalizaci\u00f3n para el pr\u00f3ximo a\u00f1o, as\u00ed como criterios de temporalidad y oportunidad de ejecuci\u00f3n de las actividades de fiscalizaci\u00f3n ambiental.<\/p>\n<p style=\"text-align: justify;\">De esta manera, se incorpora al modelo de Fiscalizaci\u00f3n Ambiental Estrat\u00e9gica, la visi\u00f3n regional de cada organismo p\u00fablico, lo que permite priorizar distintas Unidades Fiscalizables, contribuyendo de esta forma a desarrollar una fiscalizaci\u00f3n m\u00e1s eficiente y coordinada, en cuanto al uso de los recursos p\u00fablicos disponibles, as\u00ed como tambi\u00e9n en la distribuci\u00f3n de los equipos de trabajo.<\/p>\n","protected":false},"excerpt":{"rendered":"<p>Durante el mes de Octubre de 2017, la Superintendencia del Medio Ambiente en conjunto con los organismos p\u00fablicos que forman parte de la Red Nacional de Fiscalizaci\u00f3n, trabajaran en las definiciones de la estrategia de fiscalizaci\u00f3n de RCA para el pr\u00f3ximo a\u00f1o.<\/p>\n","protected":false},"author":3,"featured_media":16843,"comment_status":"open","ping_status":"open","sticky":false,"template":"","format":"standard","meta":{"footnotes":""},"categories":[94],"tags":[],"class_list":["post-16844","post","type-post","status-publish","format-standard","has-post-thumbnail","hentry","category-notas-noticias"],"_links":{"self":[{"href":"https:\/\/portal.sma.gob.cl\/index.php\/wp-json\/wp\/v2\/posts\/16844","targetHints":{"allow":["GET"]}}],"collection":[{"href":"https:\/\/portal.sma.gob.cl\/index.php\/wp-json\/wp\/v2\/posts"}],"about":[{"href":"https:\/\/portal.sma.gob.cl\/index.php\/wp-json\/wp\/v2\/types\/post"}],"author":[{"embeddable":true,"href":"https:\/\/portal.sma.gob.cl\/index.php\/wp-json\/wp\/v2\/users\/3"}],"replies":[{"embeddable":true,"href":"https:\/\/portal.sma.gob.cl\/index.php\/wp-json\/wp\/v2\/comments?post=16844"}],"version-history":[{"count":0,"href":"https:\/\/portal.sma.gob.cl\/index.php\/wp-json\/wp\/v2\/posts\/16844\/revisions"}],"wp:featuredmedia":[{"embeddable":true,"href":"https:\/\/portal.sma.gob.cl\/index.php\/wp-json\/wp\/v2\/media\/16843"}],"wp:attachment":[{"href":"https:\/\/portal.sma.gob.cl\/index.php\/wp-json\/wp\/v2\/media?parent=16844"}],"wp:term":[{"taxonomy":"category","embeddable":true,"href":"https:\/\/portal.sma.gob.cl\/index.php\/wp-json\/wp\/v2\/categories?post=16844"},{"taxonomy":"post_tag","embeddable":true,"href":"https:\/\/portal.sma.gob.cl\/index.php\/wp-json\/wp\/v2\/tags?post=16844"}],"curies":[{"name":"wp","href":"https:\/\/api.w.org\/{rel}","templated":true}]}}