{"id":16847,"date":"2017-10-13T15:27:04","date_gmt":"2017-10-13T15:27:04","guid":{"rendered":"https:\/\/portal.sma.gob.cl\/index.php\/2017\/10\/13\/sma-expone-ante-el-senado-de-brasil-sobre-mecanismo-de-precios-al-carbono\/"},"modified":"2017-10-13T15:27:04","modified_gmt":"2017-10-13T15:27:04","slug":"sma-expone-ante-el-senado-de-brasil-sobre-mecanismo-de-precios-al-carbono","status":"publish","type":"post","link":"https:\/\/portal.sma.gob.cl\/index.php\/sma-expone-ante-el-senado-de-brasil-sobre-mecanismo-de-precios-al-carbono\/","title":{"rendered":"SMA expone ante el Senado de Brasil sobre mecanismo de precios al carbono"},"content":{"rendered":"<p style=\"text-align: justify;\"><img decoding=\"async\" class=\"size-auto size-full wp-image-16846\" src=\"https:\/\/portal.sma.gob.cl\/wp-content\/uploads\/2017\/10\/NOTA-bRASILOK.jpg\" alt=\"NOTA-bRASILOK\" width=\"760\" height=\"360\" srcset=\"https:\/\/portal.sma.gob.cl\/wp-content\/uploads\/2017\/10\/NOTA-bRASILOK-200x95.jpg 200w, https:\/\/portal.sma.gob.cl\/wp-content\/uploads\/2017\/10\/NOTA-bRASILOK-300x142.jpg 300w, https:\/\/portal.sma.gob.cl\/wp-content\/uploads\/2017\/10\/NOTA-bRASILOK-400x189.jpg 400w, https:\/\/portal.sma.gob.cl\/wp-content\/uploads\/2017\/10\/NOTA-bRASILOK-600x284.jpg 600w, https:\/\/portal.sma.gob.cl\/wp-content\/uploads\/2017\/10\/NOTA-bRASILOK.jpg 760w\" sizes=\"(max-width: 760px) 100vw, 760px\" \/>&nbsp;<\/p>\n<p style=\"text-align: justify;\"><strong>Juan Pablo Rodr\u00edguez, jefe de la Secci\u00f3n T\u00e9cnica de la Divisi\u00f3n de Fiscalizaci\u00f3n, expuso ante la Comisi\u00f3n de Medio Ambiente y Cambio Clim\u00e1tico del senado carioca, y tambi\u00e9n en un taller del Banco Mundial sobre mecanismos de precio al carbono organizado en Brasilia.<\/strong><\/p>\n<p>  <!--more-->  <\/p>\n<p style=\"text-align: justify;\"><strong>Brasilia, 6 de octubre de 2017.<\/strong> La Superintendencia del Medio Ambiente (SMA) fue invitada a exponer en Brasil respecto de los mecanismos de fijaci\u00f3n de precio al carbono, y especialmente, sobre la experiencia de fiscalizaci\u00f3n respecto del nuevo \u201cimpuesto verde\u201d que se introdujo en la reforma tributaria.<br \/>Por parte de la SMA asisti\u00f3 el jefe de la Secci\u00f3n T\u00e9cnica de la Divisi\u00f3n de Fiscalizaci\u00f3n, Juan Pablo Rodr\u00edguez. En primer lugar, asisti\u00f3 a una audiencia p\u00fablica sobre mecanismos de precio al carb\u00f3n en el Congreso de Brasil, la cual fue presidida por el senador Jorge Viana. Rodr\u00edguez expuso los retos que signific\u00f3 para la SMA el hacerse cargo de los protocolos de medici\u00f3n, verificaci\u00f3n y registro de las emisiones de los establecimientos con calderas y\/o turbinas con una potencia superior a 50 megawatts t\u00e9rmicos. <br \/>Posteriormente, el d\u00eda 5 de octubre, expuso en el Seminario de PMR y Carbon Pricing Leadership Coalition, organizado por el Banco Mundial. En \u00e9ste, se analizaron cifras internacionales, como tambi\u00e9n programas piloto como el sistema nacional de comercio de emisiones que est\u00e1 implementando China.<br \/>Cabe recordar que la fijaci\u00f3n de precio del carbono desempe\u00f1a una funci\u00f3n como una de las medidas m\u00e1s eficaces del Acuerdo Mundial contra el Cambio Clim\u00e1tico aprobado en la vig\u00e9sima primera Conferencia de las Partes, celebrada en Par\u00eds (Acuerdo de la COP 21). Seg\u00fan informaci\u00f3n del Banco Mundial, m\u00e1s de 66 jurisdicciones en el mundo est\u00e1n utilizando alguna forma de determinaci\u00f3n de precio al carbono, mientras que otros pa\u00edses se encuentran analizando alternativas. <br \/>M\u00e1s informaci\u00f3n en: <a href=\"http:\/\/www.bancomundial.org\/es\/news\/speech\/2016\/04\/21\/carbon-pricing-panel---setting-a-transformational-vision-for-2020-and-beyond\">http:\/\/www.bancomundial.org\/es\/news\/speech\/2016\/04\/21\/carbon-pricing-panel&#8212;setting-a-transformational-vision-for-2020-and-beyond<\/a><\/p>\n","protected":false},"excerpt":{"rendered":"<p>&nbsp; Juan Pablo Rodr\u00edguez, jefe de la Secci\u00f3n T\u00e9cnica de la Divisi\u00f3n de Fiscalizaci\u00f3n, expuso ante la Comisi\u00f3n de Medio Ambiente y Cambio Clim\u00e1tico del senado carioca, y tambi\u00e9n en un taller del Banco Mundial sobre mecanismos de precio al carbono organizado en Brasilia.<\/p>\n","protected":false},"author":3,"featured_media":16846,"comment_status":"open","ping_status":"open","sticky":false,"template":"","format":"standard","meta":{"footnotes":""},"categories":[94],"tags":[],"class_list":["post-16847","post","type-post","status-publish","format-standard","has-post-thumbnail","hentry","category-notas-noticias"],"_links":{"self":[{"href":"https:\/\/portal.sma.gob.cl\/index.php\/wp-json\/wp\/v2\/posts\/16847","targetHints":{"allow":["GET"]}}],"collection":[{"href":"https:\/\/portal.sma.gob.cl\/index.php\/wp-json\/wp\/v2\/posts"}],"about":[{"href":"https:\/\/portal.sma.gob.cl\/index.php\/wp-json\/wp\/v2\/types\/post"}],"author":[{"embeddable":true,"href":"https:\/\/portal.sma.gob.cl\/index.php\/wp-json\/wp\/v2\/users\/3"}],"replies":[{"embeddable":true,"href":"https:\/\/portal.sma.gob.cl\/index.php\/wp-json\/wp\/v2\/comments?post=16847"}],"version-history":[{"count":0,"href":"https:\/\/portal.sma.gob.cl\/index.php\/wp-json\/wp\/v2\/posts\/16847\/revisions"}],"wp:featuredmedia":[{"embeddable":true,"href":"https:\/\/portal.sma.gob.cl\/index.php\/wp-json\/wp\/v2\/media\/16846"}],"wp:attachment":[{"href":"https:\/\/portal.sma.gob.cl\/index.php\/wp-json\/wp\/v2\/media?parent=16847"}],"wp:term":[{"taxonomy":"category","embeddable":true,"href":"https:\/\/portal.sma.gob.cl\/index.php\/wp-json\/wp\/v2\/categories?post=16847"},{"taxonomy":"post_tag","embeddable":true,"href":"https:\/\/portal.sma.gob.cl\/index.php\/wp-json\/wp\/v2\/tags?post=16847"}],"curies":[{"name":"wp","href":"https:\/\/api.w.org\/{rel}","templated":true}]}}