{"id":16849,"date":"2017-10-17T18:53:13","date_gmt":"2017-10-17T18:53:13","guid":{"rendered":"https:\/\/portal.sma.gob.cl\/index.php\/2017\/10\/17\/superintendente-participa-en-seminario-ambiental-en-argentina\/"},"modified":"2017-10-17T18:53:13","modified_gmt":"2017-10-17T18:53:13","slug":"superintendente-participa-en-seminario-ambiental-en-argentina","status":"publish","type":"post","link":"https:\/\/portal.sma.gob.cl\/index.php\/superintendente-participa-en-seminario-ambiental-en-argentina\/","title":{"rendered":"Superintendente participa en Seminario ambiental en Argentina"},"content":{"rendered":"<p style=\"text-align: justify;\">&nbsp;<img decoding=\"async\" class=\"size-auto size-full wp-image-16848\" src=\"https:\/\/portal.sma.gob.cl\/wp-content\/uploads\/2017\/10\/nota-argentina2.jpg\" alt=\"nota-argentina2\" width=\"760\" height=\"360\" srcset=\"https:\/\/portal.sma.gob.cl\/wp-content\/uploads\/2017\/10\/nota-argentina2-200x95.jpg 200w, https:\/\/portal.sma.gob.cl\/wp-content\/uploads\/2017\/10\/nota-argentina2-300x142.jpg 300w, https:\/\/portal.sma.gob.cl\/wp-content\/uploads\/2017\/10\/nota-argentina2-400x189.jpg 400w, https:\/\/portal.sma.gob.cl\/wp-content\/uploads\/2017\/10\/nota-argentina2-600x284.jpg 600w, https:\/\/portal.sma.gob.cl\/wp-content\/uploads\/2017\/10\/nota-argentina2.jpg 760w\" sizes=\"(max-width: 760px) 100vw, 760px\" \/><\/p>\n<p style=\"text-align: justify;\"><strong>La actividad llamada \u201cSeminario regional de seguro ambiental\u201d, desarrollada en Buenos Aires, busca relevar la experiencia de los pa\u00edses miembro de la Red Sudamericana de Fiscalizaci\u00f3n Ambiental (Redsufica).<\/strong><\/p>\n<p>  <!--more-->  <\/p>\n<p style=\"text-align: justify;\"><strong>Buenos Aires, 17 de octubre de 2017.<\/strong> El Superintendente del Medio Ambiente, Cristi\u00e1n Franz, particip\u00f3 esta ma\u00f1ana en el \u201cSeminario regional de seguro ambiental\u201d, convocado por el ministerio de Ambiente y Desarrollo Sustentable de Argentina. Este se enmarca dentro de las actividades de la Red Sudamericana de Fiscalizaci\u00f3n Ambiental (Redsufica).<\/p>\n<p style=\"text-align: justify;\">La actividad, desarrollada en el auditorio del Ministerio de Ciencia y Tecnolog\u00eda de Argentina, comenz\u00f3 con las palabras del ministro de Ambiente y Desarrollo Sustentable de la Naci\u00f3n, rabino Sergio Bergman, quien expuso los avances en materia de seguro ambiental y fiscalizaci\u00f3n en esa naci\u00f3n.<\/p>\n<p style=\"text-align: justify;\">Por su parte, el Superintendente Franz, explic\u00f3 la institucionalidad ambiental chilena, y la misi\u00f3n de la SMA como agente crucial en la fiscalizaci\u00f3n y sanci\u00f3n de instrumentos de gesti\u00f3n ambiental en Chile.<\/p>\n<p style=\"text-align: justify;\">En la actividad, participaron tambi\u00e9n representantes de la Red Sudamericana de Fiscalizaci\u00f3n Ambiental (Redsufica), entre los que se cuentan las autoridades ambientales de Brasil, Ecuador, Chile, Per\u00fa, Paraguay y Colombia.<\/p>\n","protected":false},"excerpt":{"rendered":"<p>&nbsp; La actividad llamada \u201cSeminario regional de seguro ambiental\u201d, desarrollada en Buenos Aires, busca relevar la experiencia de los pa\u00edses miembro de la Red Sudamericana de Fiscalizaci\u00f3n Ambiental (Redsufica).<\/p>\n","protected":false},"author":3,"featured_media":16848,"comment_status":"open","ping_status":"open","sticky":false,"template":"","format":"standard","meta":{"footnotes":""},"categories":[94],"tags":[],"class_list":["post-16849","post","type-post","status-publish","format-standard","has-post-thumbnail","hentry","category-notas-noticias"],"_links":{"self":[{"href":"https:\/\/portal.sma.gob.cl\/index.php\/wp-json\/wp\/v2\/posts\/16849","targetHints":{"allow":["GET"]}}],"collection":[{"href":"https:\/\/portal.sma.gob.cl\/index.php\/wp-json\/wp\/v2\/posts"}],"about":[{"href":"https:\/\/portal.sma.gob.cl\/index.php\/wp-json\/wp\/v2\/types\/post"}],"author":[{"embeddable":true,"href":"https:\/\/portal.sma.gob.cl\/index.php\/wp-json\/wp\/v2\/users\/3"}],"replies":[{"embeddable":true,"href":"https:\/\/portal.sma.gob.cl\/index.php\/wp-json\/wp\/v2\/comments?post=16849"}],"version-history":[{"count":0,"href":"https:\/\/portal.sma.gob.cl\/index.php\/wp-json\/wp\/v2\/posts\/16849\/revisions"}],"wp:featuredmedia":[{"embeddable":true,"href":"https:\/\/portal.sma.gob.cl\/index.php\/wp-json\/wp\/v2\/media\/16848"}],"wp:attachment":[{"href":"https:\/\/portal.sma.gob.cl\/index.php\/wp-json\/wp\/v2\/media?parent=16849"}],"wp:term":[{"taxonomy":"category","embeddable":true,"href":"https:\/\/portal.sma.gob.cl\/index.php\/wp-json\/wp\/v2\/categories?post=16849"},{"taxonomy":"post_tag","embeddable":true,"href":"https:\/\/portal.sma.gob.cl\/index.php\/wp-json\/wp\/v2\/tags?post=16849"}],"curies":[{"name":"wp","href":"https:\/\/api.w.org\/{rel}","templated":true}]}}