{"id":16852,"date":"2017-10-18T15:14:38","date_gmt":"2017-10-18T15:14:38","guid":{"rendered":"https:\/\/portal.sma.gob.cl\/index.php\/2017\/10\/18\/sistema-sma-os-gran-asistencia-a-capacitaciones-regionales\/"},"modified":"2017-10-18T15:14:38","modified_gmt":"2017-10-18T15:14:38","slug":"sistema-sma-os-gran-asistencia-a-capacitaciones-regionales","status":"publish","type":"post","link":"https:\/\/portal.sma.gob.cl\/index.php\/sistema-sma-os-gran-asistencia-a-capacitaciones-regionales\/","title":{"rendered":"Sistema SMA-OS: gran asistencia a capacitaciones regionales"},"content":{"rendered":"<p style=\"text-align: justify;\"><strong><img decoding=\"async\" class=\"size-auto size-full wp-image-16851\" src=\"https:\/\/portal.sma.gob.cl\/wp-content\/uploads\/2017\/10\/NOTA_Taller_SMA-OS.jpg\" alt=\"NOTA Taller SMA-OS\" width=\"760\" height=\"360\" srcset=\"https:\/\/portal.sma.gob.cl\/wp-content\/uploads\/2017\/10\/NOTA_Taller_SMA-OS-200x95.jpg 200w, https:\/\/portal.sma.gob.cl\/wp-content\/uploads\/2017\/10\/NOTA_Taller_SMA-OS-300x142.jpg 300w, https:\/\/portal.sma.gob.cl\/wp-content\/uploads\/2017\/10\/NOTA_Taller_SMA-OS-400x189.jpg 400w, https:\/\/portal.sma.gob.cl\/wp-content\/uploads\/2017\/10\/NOTA_Taller_SMA-OS-600x284.jpg 600w, https:\/\/portal.sma.gob.cl\/wp-content\/uploads\/2017\/10\/NOTA_Taller_SMA-OS.jpg 760w\" sizes=\"(max-width: 760px) 100vw, 760px\" \/><\/strong><\/p>\n<p style=\"text-align: justify;\"><strong>La SMA contin\u00faa con el proceso de implementaci\u00f3n del Sistema SMA-OS, capacitando a funcionarios de la Red Nacional de Fiscalizaci\u00f3n, RENFA, en las distintas regiones del pa\u00eds.<\/strong><\/p>\n<p>  <!--more-->  <\/p>\n<p style=\"text-align: justify;\"><strong>Talca, 16 de octubre.<\/strong> Siguiendo con el proceso de implementaci\u00f3n del Sistema SMA-OS, plataforma de trabajo para la gesti\u00f3n de los procedimientos de fiscalizaci\u00f3n ambiental, la SMA este lunes efect\u00fao la tercera jornada de capacitaci\u00f3n de este ciclo en Talca, en donde participaron profesionales de la Direcci\u00f3n General de Aguas, de la Corporaci\u00f3n Nacional Forestal, del Servicio Agr\u00edcola y Ganadero, y del Servicio nacional de Pesca y Acuicultura, adem\u00e1s de los profesionales de la oficina regional de Talca de la SMA.<\/p>\n<p style=\"text-align: justify;\">El mismo d\u00eda en Concepci\u00f3n se llev\u00f3 a cabo una jornada doble, donde se capacit\u00f3 a los funcionarios de los servicios p\u00fablicos integrantes de la Red Nacional de Fiscalizaci\u00f3n Ambiental (RENFA). Este ciclo de capacitaciones, a efectuarse durante el mes de octubre, contempla actividades en las ciudades de Temuco, Valdivia, Concepci\u00f3n y Talca. A eso se suman las actividades programadas pr\u00f3ximamente para las regiones de Arica, y Antofagasta, La Serena y Valpara\u00edso.<\/p>\n<p style=\"text-align: justify;\">Cabe destacar que durante el a\u00f1o ya ha sido capacitado cerca de 130 profesionales en distintas instancias y se espera llegar un n\u00famero cercano a los 200 al finalizar el a\u00f1o.<\/p>\n<p style=\"text-align: justify;\">En su primera fase de r\u00e9gimen normal, a contar del 1 de enero de 2018, esta plataforma permitir\u00e1 gestionar las actividades de seguimiento ambiental y permitir\u00e1 a los organismos sectoriales de la RENFA acceder a los seguimientos ambientales reportados por los titulares de Resoluciones de Calificaci\u00f3n Ambiental (RCA).<\/p>\n<p style=\"text-align: justify;\">En dichos talleres se trabaja en un formato de clases aplicadas, dando a los participantes la instancia de acceder en tiempo real a la plataforma, buscar informaci\u00f3n actualizada y realizar ejercicios pr\u00e1cticos, en salas de computaci\u00f3n acondicionadas. Lo anterior ha sido posible gracias a la Direcci\u00f3n de Bibliotecas, Archivos y Museos (DIBAM), la cual, a trav\u00e9s de su programa Biblioredes, ha facilitado sus laboratorios a lo largo del pa\u00eds para generar \u00e9stas instancias de aprendizaje did\u00e1ctico.<\/p>\n<p style=\"text-align: justify;\">M\u00e1s informaci\u00f3n del Sistema SMA-OS en la <a href=\"Sistema%20SMA-OS:%20gran%20asistencia%20a%20capacitaciones%20regionales%20\">web de la RENFA.<\/a><\/p>\n","protected":false},"excerpt":{"rendered":"<p>La SMA contin\u00faa con el proceso de implementaci\u00f3n del Sistema SMA-OS, capacitando a funcionarios de la Red Nacional de Fiscalizaci\u00f3n, RENFA, en las distintas regiones del pa\u00eds.<\/p>\n","protected":false},"author":3,"featured_media":16850,"comment_status":"open","ping_status":"open","sticky":false,"template":"","format":"standard","meta":{"footnotes":""},"categories":[94],"tags":[],"class_list":["post-16852","post","type-post","status-publish","format-standard","has-post-thumbnail","hentry","category-notas-noticias"],"_links":{"self":[{"href":"https:\/\/portal.sma.gob.cl\/index.php\/wp-json\/wp\/v2\/posts\/16852","targetHints":{"allow":["GET"]}}],"collection":[{"href":"https:\/\/portal.sma.gob.cl\/index.php\/wp-json\/wp\/v2\/posts"}],"about":[{"href":"https:\/\/portal.sma.gob.cl\/index.php\/wp-json\/wp\/v2\/types\/post"}],"author":[{"embeddable":true,"href":"https:\/\/portal.sma.gob.cl\/index.php\/wp-json\/wp\/v2\/users\/3"}],"replies":[{"embeddable":true,"href":"https:\/\/portal.sma.gob.cl\/index.php\/wp-json\/wp\/v2\/comments?post=16852"}],"version-history":[{"count":0,"href":"https:\/\/portal.sma.gob.cl\/index.php\/wp-json\/wp\/v2\/posts\/16852\/revisions"}],"wp:featuredmedia":[{"embeddable":true,"href":"https:\/\/portal.sma.gob.cl\/index.php\/wp-json\/wp\/v2\/media\/16850"}],"wp:attachment":[{"href":"https:\/\/portal.sma.gob.cl\/index.php\/wp-json\/wp\/v2\/media?parent=16852"}],"wp:term":[{"taxonomy":"category","embeddable":true,"href":"https:\/\/portal.sma.gob.cl\/index.php\/wp-json\/wp\/v2\/categories?post=16852"},{"taxonomy":"post_tag","embeddable":true,"href":"https:\/\/portal.sma.gob.cl\/index.php\/wp-json\/wp\/v2\/tags?post=16852"}],"curies":[{"name":"wp","href":"https:\/\/api.w.org\/{rel}","templated":true}]}}