{"id":16854,"date":"2017-10-19T15:22:39","date_gmt":"2017-10-19T15:22:39","guid":{"rendered":"https:\/\/portal.sma.gob.cl\/index.php\/2017\/10\/19\/sma-y-la-subsecretaria-de-salud-publica-firman-protocolo-de-colaboracion\/"},"modified":"2017-10-19T15:22:39","modified_gmt":"2017-10-19T15:22:39","slug":"sma-y-la-subsecretaria-de-salud-publica-firman-protocolo-de-colaboracion","status":"publish","type":"post","link":"https:\/\/portal.sma.gob.cl\/index.php\/sma-y-la-subsecretaria-de-salud-publica-firman-protocolo-de-colaboracion\/","title":{"rendered":"SMA y la Subsecretaria de Salud P\u00fablica firman protocolo de colaboraci\u00f3n"},"content":{"rendered":"<p style=\"text-align: justify;\"><strong><img decoding=\"async\" class=\"size-auto size-full wp-image-16853\" src=\"https:\/\/portal.sma.gob.cl\/wp-content\/uploads\/2017\/10\/nota-cONVENIO_SALUD.jpg\" alt=\"nota-cONVENIO SALUD\" width=\"760\" height=\"360\" srcset=\"https:\/\/portal.sma.gob.cl\/wp-content\/uploads\/2017\/10\/nota-cONVENIO_SALUD-200x95.jpg 200w, https:\/\/portal.sma.gob.cl\/wp-content\/uploads\/2017\/10\/nota-cONVENIO_SALUD-300x142.jpg 300w, https:\/\/portal.sma.gob.cl\/wp-content\/uploads\/2017\/10\/nota-cONVENIO_SALUD-400x189.jpg 400w, https:\/\/portal.sma.gob.cl\/wp-content\/uploads\/2017\/10\/nota-cONVENIO_SALUD-600x284.jpg 600w, https:\/\/portal.sma.gob.cl\/wp-content\/uploads\/2017\/10\/nota-cONVENIO_SALUD.jpg 760w\" sizes=\"(max-width: 760px) 100vw, 760px\" \/><\/strong><\/p>\n<p style=\"text-align: justify;\"><strong>En el marco de la Red Nacional de Fiscalizaci\u00f3n Ambiental (RENFA), se formaliz\u00f3 un acuerdo que permitir\u00e1 la fiscalizaci\u00f3n ambiental de la Subsecretar\u00eda y las Seremis regionales, especialmente en materia de Planes de Descontaminaci\u00f3n y normas de emisi\u00f3n.<\/strong><\/p>\n<p>  <!--more-->  <\/p>\n<p style=\"text-align: justify;\"><strong>Santiago, 13 de octubre de 2017.<\/strong> Mediante la dictaci\u00f3n de la Resoluci\u00f3n Exenta SMA N\u00b01201, la SMA formaliz\u00f3 el acuerdo suscrito por el Subsecretario de Salud P\u00fablica, Jaime Burrows y el Superintendente del Medio Ambiente, Cristi\u00e1n Franz.<\/p>\n<p style=\"text-align: justify;\">Dicho protocolo establece la forma en que La subsecretar\u00eda de Salud P\u00fablica y las Secretar\u00edas regionales ministeriales colaborar\u00e1n con el modelo de fiscalizaci\u00f3n ambiental instaurado por la Ley Org\u00e1nica de la Superintendencia del Medio Ambiente, tanto para Resoluciones de Calificaci\u00f3n Ambiental (RCA), Planes de Prevenci\u00f3n y\/o Descontaminaci\u00f3n Ambiental y Normas de Emisi\u00f3n. En el documento tambi\u00e9n se definen las actividades de coordinaci\u00f3n entre ambos organismos ante situaciones de riesgo para la salud de las personas y un procedimiento atenci\u00f3n de denuncias, con especial \u00e9nfasis en materia de la norma de emisi\u00f3n asociada a ruidos (D.S 38 de 2011).<\/p>\n<p style=\"text-align: justify;\">En atenci\u00f3n a los dict\u00e1menes de Contralor\u00eda General de la Rep\u00fablica (24081N3 y 61224N16), el convenio recalca el deber de las Secretar\u00edas Regionales Ministeriales de fiscalizar y sancionar el incumplimiento de las normas del c\u00f3digo sanitario y sus reglamentos. Por su parte, respecto al procedimiento de denuncias, se establece que en el caso de situaciones con potencial riesgo a la salud de las personas, la Autoridad Sanitaria actuar\u00e1 sin mayor tr\u00e1mite en el ejercicio de las atribuciones legales que le otorga el C\u00f3digo Sanitario, dictando las medidas que estime necesarias para controlar el riesgo, debiendo denunciar a la SMA, en caso que su investigaci\u00f3n identifique alg\u00fan tipo de instrumentos de gesti\u00f3n ambiental de su competencia.<\/p>\n<p style=\"text-align: justify;\">Entre las materias que aborda el convenio se encuentran la colaboraci\u00f3n de la Autoridad Sanitaria en la supervigilancia de las Entidades T\u00e9cnicas de Fiscalizaci\u00f3n Ambiental (ETFA), y la conformaci\u00f3n de una mesa t\u00e9cnica como instancia de coordinaci\u00f3n entre ambos servicios.<\/p>\n<p style=\"text-align: justify;\">Con la formalizaci\u00f3n del presente convenio, suman 4 convenios bi-partitos entre miembros de la RENFA que buscan delinear de mejor manera las competencias y actuaciones de cada servicio dentro del modelo de fiscalizaci\u00f3n ambiental. Los otros convenios vigentes son <a href=\"http:\/\/renfa.sma.gob.cl\/index.php\/download\/protocolo-colaboracion-sernapesca-sma\/\">SMA-SERNAPESCA<\/a>; <a href=\"http:\/\/renfa.sma.gob.cl\/index.php\/download\/procolo-siss-sma_resol-436-sma-2015\/\">SMA-SISS<\/a>; <a href=\"http:\/\/renfa.sma.gob.cl\/index.php\/download\/cooperacion-sma_sernageomin-para-ensayos-de-aptitud_-resol-sma-952_2015\/\">SMA-SERNAGEOMIN<\/a>.<\/p>\n<p style=\"text-align: justify;\">Para m\u00e1s informaci\u00f3n, descargar la <a href=\"http:\/\/renfa.sma.gob.cl\/index.php\/download\/protocolo-salud-sma_-resol-1201-2017\/\">Resoluci\u00f3n Exenta SMA 1201\/2017.<\/a><\/p>\n","protected":false},"excerpt":{"rendered":"<p>En el marco de la Red Nacional de Fiscalizaci\u00f3n Ambiental (RENFA), se formaliz\u00f3 un acuerdo que permitir\u00e1 la fiscalizaci\u00f3n ambiental de la Subsecretar\u00eda y las Seremis regionales, especialmente en materia de Planes de Descontaminaci\u00f3n y normas de emisi\u00f3n.<\/p>\n","protected":false},"author":3,"featured_media":16853,"comment_status":"open","ping_status":"open","sticky":false,"template":"","format":"standard","meta":{"footnotes":""},"categories":[90],"tags":[],"class_list":["post-16854","post","type-post","status-publish","format-standard","has-post-thumbnail","hentry","category-comunicados-noticias"],"_links":{"self":[{"href":"https:\/\/portal.sma.gob.cl\/index.php\/wp-json\/wp\/v2\/posts\/16854","targetHints":{"allow":["GET"]}}],"collection":[{"href":"https:\/\/portal.sma.gob.cl\/index.php\/wp-json\/wp\/v2\/posts"}],"about":[{"href":"https:\/\/portal.sma.gob.cl\/index.php\/wp-json\/wp\/v2\/types\/post"}],"author":[{"embeddable":true,"href":"https:\/\/portal.sma.gob.cl\/index.php\/wp-json\/wp\/v2\/users\/3"}],"replies":[{"embeddable":true,"href":"https:\/\/portal.sma.gob.cl\/index.php\/wp-json\/wp\/v2\/comments?post=16854"}],"version-history":[{"count":0,"href":"https:\/\/portal.sma.gob.cl\/index.php\/wp-json\/wp\/v2\/posts\/16854\/revisions"}],"wp:featuredmedia":[{"embeddable":true,"href":"https:\/\/portal.sma.gob.cl\/index.php\/wp-json\/wp\/v2\/media\/16853"}],"wp:attachment":[{"href":"https:\/\/portal.sma.gob.cl\/index.php\/wp-json\/wp\/v2\/media?parent=16854"}],"wp:term":[{"taxonomy":"category","embeddable":true,"href":"https:\/\/portal.sma.gob.cl\/index.php\/wp-json\/wp\/v2\/categories?post=16854"},{"taxonomy":"post_tag","embeddable":true,"href":"https:\/\/portal.sma.gob.cl\/index.php\/wp-json\/wp\/v2\/tags?post=16854"}],"curies":[{"name":"wp","href":"https:\/\/api.w.org\/{rel}","templated":true}]}}