{"id":16856,"date":"2017-10-26T18:22:39","date_gmt":"2017-10-26T18:22:39","guid":{"rendered":"https:\/\/portal.sma.gob.cl\/index.php\/2017\/10\/26\/sma-participa-en-seminario-sobre-residuos-industriales\/"},"modified":"2017-10-26T18:22:39","modified_gmt":"2017-10-26T18:22:39","slug":"sma-participa-en-seminario-sobre-residuos-industriales","status":"publish","type":"post","link":"https:\/\/portal.sma.gob.cl\/index.php\/sma-participa-en-seminario-sobre-residuos-industriales\/","title":{"rendered":"SMA participa en seminario sobre residuos industriales"},"content":{"rendered":"<p style=\"text-align: justify;\"><strong><img decoding=\"async\" class=\"size-auto size-full wp-image-16855\" src=\"https:\/\/portal.sma.gob.cl\/wp-content\/uploads\/2017\/10\/NOTA-induambiente.jpg\" alt=\"NOTA-induambiente\" width=\"760\" height=\"360\" srcset=\"https:\/\/portal.sma.gob.cl\/wp-content\/uploads\/2017\/10\/NOTA-induambiente-200x95.jpg 200w, https:\/\/portal.sma.gob.cl\/wp-content\/uploads\/2017\/10\/NOTA-induambiente-300x142.jpg 300w, https:\/\/portal.sma.gob.cl\/wp-content\/uploads\/2017\/10\/NOTA-induambiente-400x189.jpg 400w, https:\/\/portal.sma.gob.cl\/wp-content\/uploads\/2017\/10\/NOTA-induambiente-600x284.jpg 600w, https:\/\/portal.sma.gob.cl\/wp-content\/uploads\/2017\/10\/NOTA-induambiente.jpg 760w\" sizes=\"(max-width: 760px) 100vw, 760px\" \/><\/strong><\/p>\n<p style=\"text-align: justify;\"><strong>Rub\u00e9n Verdugo, jefe de la Divisi\u00f3n de Fiscalizaci\u00f3n de la SMA, expuso las nuevas formas de fiscalizar que se est\u00e1n aplicando junto a tecnolog\u00eda, y a la vez hizo un repaso sobre los principales incumplimientos en materia de residuos, donde los mayores desaf\u00edos est\u00e1n en sectores como agroindustria, saneamiento ambiental, pesca y acuicultura e instalaciones fabriles.<\/strong><\/p>\n<p>  <!--more-->  <\/p>\n<p style=\"text-align: justify;\"><strong>Vi\u00f1a del Mar, 25 de octubre de 2017.<\/strong> Esta ma\u00f1ana se llev\u00f3 a cabo el seminario \u201cC\u00f3mo valorizar los residuos industriales\u201d, llevado a cabo por la revista InduAmbiente. La actividad, realizada en la ciudad jard\u00edn, se orient\u00f3 a industriales de la Regi\u00f3n de Valpara\u00edso y la zona central, y comenz\u00f3 con las palabras del Seremi (s) del Medio Ambiente de Valpara\u00edso, Sandro Araneda, quien en su intervenci\u00f3n record\u00f3 que en Chile se producen anualmente 17 millones de toneladas de residuos, de las cuales 10 millones corresponden a residuos industriales y 7 millones, a desechos domiciliarios.<\/p>\n<p style=\"text-align: justify;\">Por parte de la Superintendencia del Medio Ambiente, particip\u00f3 Rub\u00e9n Verdugo, quien puso \u00e9nfasis en la necesidad de desarrollar una nueva mirada para afrontar los procesos de fiscalizaci\u00f3n, con mayor colaboraci\u00f3n por parte las empresas y tambi\u00e9n m\u00e1s herramientas tecnol\u00f3gicas que permitan reducir las incertezas y especulaciones en torno al cumplimiento normativo de las actividades productivas. En ese sentido, hizo hincapi\u00e9 en que \u201clos modelos tradicionales de fiscalizaci\u00f3n, un fiscalizador por unidad fiscalizable, ya no tienen espacio en las actuales condiciones sociales, pol\u00edticas y medio ambientales que vive nuestra sociedad, donde la acci\u00f3n oportuna, el acceso a informaci\u00f3n robusta y fiable, son parte esencial de esta nueva mirada\u201d. A\u00f1adi\u00f3 que los \u201ccompromisos ambientales explicitados a trav\u00e9s de los instrumentos de gesti\u00f3n ambiental constituyen el piso de dicho cumplimiento\u201d.<\/p>\n<p style=\"text-align: justify;\">Asimismo, Verdugo realiz\u00f3 un repaso a las cifras sistematizadas respecto de los hallazgos en fiscalizaciones de instalaciones con Resoluci\u00f3n de Calificaci\u00f3n Ambiental (RCA). En materia de residuos, los sectores econ\u00f3micos que presentan m\u00e1s incumplimiento son Agroindustria, Pesca y Acuicultura, Instalaciones fabriles y saneamiento ambiental. En la otra vereda, Miner\u00eda y Energ\u00eda, presentan un mejor manejo de sus residuos. En un an\u00e1lisis m\u00e1s detallado, el Jefe de la Divisi\u00f3n de Fiscalizaci\u00f3n, explic\u00f3 que la mayor cantidad de incumplimientos se detecta en cuando a los residuos l\u00edquidos, mientras que en los residuos s\u00f3lidos o peligrosos se ha verificado un mayor cumplimiento de la normativa.<\/p>\n<p style=\"text-align: justify;\">\u201cLos datos presentados dan cuenta no s\u00f3lo de un comportamiento por parte de los titulares de proyectos, sino que fundamentalmente constituyen informaci\u00f3n relevante para la mejora continua. Si las empresas las implementan mejoras de manera adecuada sus proyectos, analizando de manera preventiva la informaci\u00f3n asociada a seguimiento de algunas variables ambientalmente relevantes, podr\u00edan hacerse cargo del 80% de las causas que dan cuenta de hallazgos en las fiscalizaciones\u201d, asegur\u00f3.<\/p>\n<p style=\"text-align: justify;\">Verdugo a\u00f1adi\u00f3 que \u201cla gesti\u00f3n de residuos debe estar vinculada, cuando corresponda, al concepto de responsabilidad extendida del productor y de manera basal al concepto de responsabilidad de la \u201ccuna a la tumba\u201d.<\/p>\n<p style=\"text-align: justify;\">\u201cDebemos avanzar hacia un modelo m\u00e1s participativo en lo que a cumplimiento ambiental se refiere, con una base de autocumplimiento efectiva y sistem\u00e1tica, con etapa de evaluaci\u00f3n intermedia realizadas por terceras partes autorizadas y finalmente con acciones de los organismos fiscalizadores mucho m\u00e1s dirigidas y oportunas. El modelo debe sustentarse en aplicaci\u00f3n y uso de tecnolog\u00edas de medici\u00f3n y fundamental en entrega de informaci\u00f3n veraz y oportuna a la comunidad\u201d, finaliz\u00f3.<\/p>\n<p style=\"text-align: justify;\">Para conocer m\u00e1s detalles, revisar la presentaci\u00f3n:&nbsp;<a class=\"doclink\" href=\"index.php?option=com_docman&amp;task=doc_download&amp;gid=632&amp;Itemid=280\"><img decoding=\"async\" class=\" size-full wp-image-15480\" src=\"https:\/\/portal.sma.gob.cl\/wp-content\/uploads\/2012\/07\/pdf.png\" alt=\"icon\" border=\"0\" width=\"16\" height=\"16\" \/>&nbsp;Presentaci\u00f3n Seminario InduAmbiente (Rub\u00e9n Verdugo)<\/a><\/p>\n","protected":false},"excerpt":{"rendered":"<p>Rub\u00e9n Verdugo, jefe de la Divisi\u00f3n de Fiscalizaci\u00f3n de la SMA, expuso las nuevas formas de fiscalizar que se est\u00e1n aplicando junto a tecnolog\u00eda, y a la vez hizo un repaso sobre los principales incumplimientos en materia de residuos, donde los mayores desaf\u00edos est\u00e1n en sectores como agroindustria, saneamiento ambiental, pesca y acuicultura e instalaciones fabriles.<\/p>\n","protected":false},"author":3,"featured_media":16855,"comment_status":"open","ping_status":"open","sticky":false,"template":"","format":"standard","meta":{"footnotes":""},"categories":[94],"tags":[],"class_list":["post-16856","post","type-post","status-publish","format-standard","has-post-thumbnail","hentry","category-notas-noticias"],"_links":{"self":[{"href":"https:\/\/portal.sma.gob.cl\/index.php\/wp-json\/wp\/v2\/posts\/16856","targetHints":{"allow":["GET"]}}],"collection":[{"href":"https:\/\/portal.sma.gob.cl\/index.php\/wp-json\/wp\/v2\/posts"}],"about":[{"href":"https:\/\/portal.sma.gob.cl\/index.php\/wp-json\/wp\/v2\/types\/post"}],"author":[{"embeddable":true,"href":"https:\/\/portal.sma.gob.cl\/index.php\/wp-json\/wp\/v2\/users\/3"}],"replies":[{"embeddable":true,"href":"https:\/\/portal.sma.gob.cl\/index.php\/wp-json\/wp\/v2\/comments?post=16856"}],"version-history":[{"count":0,"href":"https:\/\/portal.sma.gob.cl\/index.php\/wp-json\/wp\/v2\/posts\/16856\/revisions"}],"wp:featuredmedia":[{"embeddable":true,"href":"https:\/\/portal.sma.gob.cl\/index.php\/wp-json\/wp\/v2\/media\/16855"}],"wp:attachment":[{"href":"https:\/\/portal.sma.gob.cl\/index.php\/wp-json\/wp\/v2\/media?parent=16856"}],"wp:term":[{"taxonomy":"category","embeddable":true,"href":"https:\/\/portal.sma.gob.cl\/index.php\/wp-json\/wp\/v2\/categories?post=16856"},{"taxonomy":"post_tag","embeddable":true,"href":"https:\/\/portal.sma.gob.cl\/index.php\/wp-json\/wp\/v2\/tags?post=16856"}],"curies":[{"name":"wp","href":"https:\/\/api.w.org\/{rel}","templated":true}]}}