{"id":16862,"date":"2017-11-03T15:07:51","date_gmt":"2017-11-03T15:07:51","guid":{"rendered":"https:\/\/portal.sma.gob.cl\/index.php\/2017\/11\/03\/concepcion-sma-organiza-seminario-sobre-norma-de-ruido-junto-a-la-camara-de-la-construccion\/"},"modified":"2017-11-03T15:07:51","modified_gmt":"2017-11-03T15:07:51","slug":"concepcion-sma-organiza-seminario-sobre-norma-de-ruido-junto-a-la-camara-de-la-construccion","status":"publish","type":"post","link":"https:\/\/portal.sma.gob.cl\/index.php\/concepcion-sma-organiza-seminario-sobre-norma-de-ruido-junto-a-la-camara-de-la-construccion\/","title":{"rendered":"CONCEPCI\u00d3N: SMA organiza seminario sobre norma de ruido junto a la C\u00e1mara de la Construcci\u00f3n"},"content":{"rendered":"<p style=\"text-align: justify;\"><strong><img decoding=\"async\" class=\"size-auto size-full wp-image-16861\" src=\"https:\/\/portal.sma.gob.cl\/wp-content\/uploads\/2017\/11\/NOTA-taller_ruido_concepci%C3%B3n.jpg\" alt=\"NOTA-taller ruido concepci\u00f3n\" width=\"760\" height=\"360\" \/><\/strong><\/p>\n<p style=\"text-align: justify;\"><strong>En la actividad tambi\u00e9n particip\u00f3 la Municipalidad de Concepci\u00f3n, instituci\u00f3n que firm\u00f3 un convenio con la SMA para la fiscalizaci\u00f3n del D.S. 38 de 2011.<\/strong><\/p>\n<p>  <!--more-->  <\/p>\n<p style=\"text-align: justify;\"><strong>Concepci\u00f3n, 24 de octubre de 2017.<\/strong> Esta ma\u00f1ana se llev\u00f3 a cabo un seminario para dar a conocer a las empresas del sector de la construcci\u00f3n la normativa aplicable respecto a ruidos, contenida en el D.S. 38 de 2011. La iniciativa fue organizada por la Oficina Regional de la SMA en Concepci\u00f3n, junto a la C\u00e1mara Chilena de la Construcci\u00f3n (CChC) y la Municipalidad de Concepci\u00f3n. <a href=\"index.php\/noticias\/comunicados\/881-sma-firma-convenio-de-colaboracion-con-la-municipalidad-de-concepcion\">Con este \u00faltimo organismo, recientemente se firm\u00f3 un convenio para la fiscalizaci\u00f3n de ruidos molestos.<\/a><\/p>\n<p style=\"text-align: justify;\">Por parte de la SMA, expuso la jefa de la Oficina Regional del Biob\u00edo de la Superintendencia de Medio Ambiente, Emelina Zamorano, quien se refiri\u00f3 a las competencias y los procedimientos sancionatorios que aplica dicho servicio. A la vez, recalc\u00f3 que los ruidos molestos son la principal causa de denuncias en la Regi\u00f3n del Biob\u00edo, y explic\u00f3 que el sector de la construcci\u00f3n es uno de los que m\u00e1s molestias generan en los vecinos de zonas altamente pobladas, como Concepci\u00f3n, zona en la que se han iniciado varios procedimientos sancionatorios en el \u00faltimo a\u00f1o.<\/p>\n<p style=\"text-align: justify;\">Luego correspondi\u00f3 la presentaci\u00f3n sobre los alcances de la norma de ruido contenida en el Decreto Supremo 38, la que estuvo a cargo de Felipe Loaiza, profesional de la Unidad T\u00e9cnica de la SMA, quien adem\u00e1s dio a conocer casos internacionales sobre mitigaci\u00f3n de ruidos en la actividad constructiva. Finalmente la abogada de la Divisi\u00f3n de Sanci\u00f3n y Cumplimiento, Sigrid Scheel, se refiri\u00f3 a la herramienta de los \u201cProgramas de cumplimiento\u201d, a los que las empresas se pueden acoger en el marco de un sancionatorio.<\/p>\n<p style=\"text-align: justify;\">El presidente del Comit\u00e9 Inmobiliario de la colectividad, Felipe Schlack, valor\u00f3 el desarrollo de esta jornada. \u201cComo gremio estamos trabajando para entregar a las empresas socias las mejores herramientas, que les permitan integrar estrat\u00e9gicamente la sostenibilidad a sus negocios, y en este punto la relaci\u00f3n con la comunidad es un tema clave\u201d, sostuvo, a\u00f1adiendo que el gremio est\u00e1 consciente de los impactos que genera en el entorno, pero el inter\u00e9s de la CChC \u201ces que \u00e9ste sea el menor posible y se cumpla cabalmente con la normativa, de manera de no provocar una merma en la calidad de vida de los vecinos aleda\u00f1os a nuestras obras\u201d, explic\u00f3.<\/p>\n<p style=\"text-align: justify;\">A la actividad asisti\u00f3 adem\u00e1s la directora de Medio Ambiente de la Municipalidad de Concepci\u00f3n, Andrea Aste, quien hizo un llamado a respetar la normativa vigente, considerando que la municipalidad es el primer lugar al que acuden los vecinos cada vez que sienten vulnerados sus derechos, como es el caso de los ruidos molestos.<\/p>\n","protected":false},"excerpt":{"rendered":"<p>En la actividad tambi\u00e9n particip\u00f3 la Municipalidad de Concepci\u00f3n, instituci\u00f3n que firm\u00f3 un convenio con la SMA para la fiscalizaci\u00f3n del D.S. 38 de 2011.<\/p>\n","protected":false},"author":3,"featured_media":16861,"comment_status":"open","ping_status":"open","sticky":false,"template":"","format":"standard","meta":{"footnotes":""},"categories":[94],"tags":[],"class_list":["post-16862","post","type-post","status-publish","format-standard","has-post-thumbnail","hentry","category-notas-noticias"],"_links":{"self":[{"href":"https:\/\/portal.sma.gob.cl\/index.php\/wp-json\/wp\/v2\/posts\/16862","targetHints":{"allow":["GET"]}}],"collection":[{"href":"https:\/\/portal.sma.gob.cl\/index.php\/wp-json\/wp\/v2\/posts"}],"about":[{"href":"https:\/\/portal.sma.gob.cl\/index.php\/wp-json\/wp\/v2\/types\/post"}],"author":[{"embeddable":true,"href":"https:\/\/portal.sma.gob.cl\/index.php\/wp-json\/wp\/v2\/users\/3"}],"replies":[{"embeddable":true,"href":"https:\/\/portal.sma.gob.cl\/index.php\/wp-json\/wp\/v2\/comments?post=16862"}],"version-history":[{"count":0,"href":"https:\/\/portal.sma.gob.cl\/index.php\/wp-json\/wp\/v2\/posts\/16862\/revisions"}],"wp:featuredmedia":[{"embeddable":true,"href":"https:\/\/portal.sma.gob.cl\/index.php\/wp-json\/wp\/v2\/media\/16861"}],"wp:attachment":[{"href":"https:\/\/portal.sma.gob.cl\/index.php\/wp-json\/wp\/v2\/media?parent=16862"}],"wp:term":[{"taxonomy":"category","embeddable":true,"href":"https:\/\/portal.sma.gob.cl\/index.php\/wp-json\/wp\/v2\/categories?post=16862"},{"taxonomy":"post_tag","embeddable":true,"href":"https:\/\/portal.sma.gob.cl\/index.php\/wp-json\/wp\/v2\/tags?post=16862"}],"curies":[{"name":"wp","href":"https:\/\/api.w.org\/{rel}","templated":true}]}}