{"id":16868,"date":"2017-11-23T18:10:49","date_gmt":"2017-11-23T18:10:49","guid":{"rendered":"https:\/\/portal.sma.gob.cl\/index.php\/2017\/11\/23\/sma-realiza-taller-de-promocion-al-cumplimiento-para-el-sector-minero\/"},"modified":"2017-11-23T18:10:49","modified_gmt":"2017-11-23T18:10:49","slug":"sma-realiza-taller-de-promocion-al-cumplimiento-para-el-sector-minero","status":"publish","type":"post","link":"https:\/\/portal.sma.gob.cl\/index.php\/sma-realiza-taller-de-promocion-al-cumplimiento-para-el-sector-minero\/","title":{"rendered":"SMA realiza taller de Promoci\u00f3n al Cumplimiento para el Sector Minero"},"content":{"rendered":"<p style=\"text-align: justify;\"><strong><img decoding=\"async\" class=\"size-auto size-full wp-image-16867\" src=\"https:\/\/portal.sma.gob.cl\/wp-content\/uploads\/2017\/11\/NOTA-taller_miner%C3%ADa.jpg\" alt=\"NOTA-taller miner\u00eda\" width=\"760\" height=\"360\" \/><\/strong><\/p>\n<p style=\"text-align: justify;\"><strong>En la actividad desarrollada en la Regi\u00f3n de Valpara\u00edso, participaron 45 personas relacionadas con empresas, proveedoras y consultoras del sector minero.<\/strong><\/p>\n<p>  <!--more-->  <\/p>\n<p style=\"text-align: justify;\"><strong>Calle Larga, 22 de noviembre de 2017.<\/strong> Esta ma\u00f1ana se llev\u00f3 a cabo un taller de \u201cPromoci\u00f3n al Cumplimiento para el Sector Minero\u201d, organizado por la Superintendencia del Medio Ambiente, en conjunto con la SEREMI de Miner\u00eda y el Servicio de Evaluaci\u00f3n Ambiental de la Regi\u00f3n de Valpara\u00edso.<br \/>La actividad se realiz\u00f3 en el Centro Cultural Pedro Aguirre Cerda de la Municipalidad de Calle Larga, en la Provincia de Los Andes, y convoc\u00f3 a 45 personas relacionadas con empresas mineras, proveedores y consultores del sector.<\/p>\n<p style=\"text-align: justify;\">El Superintendente del Medio Ambiente, Cristi\u00e1n Franz, inaugur\u00f3 la jornada, destacando la importancia de las jornadas de difusi\u00f3n del actuar de la SMA a la comunidad regulada. Destac\u00f3 que estas instancias se han realizado tambi\u00e9n en conjunto con la SONAMI o el Consejo Minero, ya que la SMA siempre ha buscado el cumplimiento ambiental de las compa\u00f1\u00edas, entregando la mayor cantidad de informaci\u00f3n respecto a las infracciones detectadas y c\u00f3mo realizar mejoras al respecto, destacando la herramienta de los Programas de Cumplimiento cuando se han iniciado procesos de sanci\u00f3n.<\/p>\n<p style=\"text-align: justify;\">La actividad tambi\u00e9n cont\u00f3 con un an\u00e1lisis de las fiscalizaciones al sector minero, realizado por Sergio de la Barrera, jefe de la Oficina Regional de Valpara\u00edso de la SMA; seguido por un detalle de los principales hallazgos y oportunidades de mejora para la miner\u00eda, realizado por el fiscalizador Rodrigo Garc\u00eda. En este aspecto, se explic\u00f3 que en la regi\u00f3n, los principales hallazgos se asocian a deficiencias en el manejo de reforestaciones, emisiones atmosf\u00e9ricas, y a la ubicaci\u00f3n, extensi\u00f3n y estado de las obras o actividades declaradas.<br \/>Cerrando la jornada, el Director Regional del SEA de Valpara\u00edso, Alberto Acu\u00f1a, realiz\u00f3 un an\u00e1lisis de las evaluaciones ambientales de los proyectos mineros en la zona.<\/p>\n<p style=\"text-align: justify;\">M\u00e1s detalles de las presentaciones en:<\/p>\n<p style=\"text-align: justify;\"><a class=\"doclink\" href=\"index.php?option=com_docman&amp;task=doc_download&amp;gid=637&amp;Itemid=280\"><img decoding=\"async\" class=\" size-full wp-image-15480\" src=\"https:\/\/portal.sma.gob.cl\/wp-content\/uploads\/2012\/07\/pdf.png\" alt=\"icon\" border=\"0\" width=\"16\" height=\"16\" \/>&nbsp;Nov2017 Miner\u00eda-Presentaci\u00f3n Sr. Alberto Acu\u00f1a<\/a><\/p>\n<p style=\"text-align: justify;\"><a class=\"doclink\" href=\"index.php?option=com_docman&amp;task=doc_download&amp;gid=640&amp;Itemid=280\"><img decoding=\"async\" class=\" size-full wp-image-15480\" src=\"https:\/\/portal.sma.gob.cl\/wp-content\/uploads\/2012\/07\/pdf.png\" alt=\"icon\" border=\"0\" width=\"16\" height=\"16\" \/>&nbsp;Nov2017 Miner\u00eda-Presentaci\u00f3n Sr. Rodrigo Garc\u00eda<\/a><\/p>\n<p style=\"text-align: justify;\"><a class=\"doclink\" href=\"index.php?option=com_docman&amp;task=doc_download&amp;gid=639&amp;Itemid=280\"><img decoding=\"async\" class=\" size-full wp-image-15480\" src=\"https:\/\/portal.sma.gob.cl\/wp-content\/uploads\/2012\/07\/pdf.png\" alt=\"icon\" border=\"0\" width=\"16\" height=\"16\" \/>&nbsp;Nov2017 Miner\u00eda-Presentaci\u00f3n Sr. Sergio de la Barrera<\/a><\/p>\n","protected":false},"excerpt":{"rendered":"<p>En la actividad desarrollada en la Regi\u00f3n de Valpara\u00edso, participaron 45 personas relacionadas con empresas, proveedoras y consultoras del sector minero.<\/p>\n","protected":false},"author":3,"featured_media":16867,"comment_status":"open","ping_status":"open","sticky":false,"template":"","format":"standard","meta":{"footnotes":""},"categories":[94],"tags":[],"class_list":["post-16868","post","type-post","status-publish","format-standard","has-post-thumbnail","hentry","category-notas-noticias"],"_links":{"self":[{"href":"https:\/\/portal.sma.gob.cl\/index.php\/wp-json\/wp\/v2\/posts\/16868","targetHints":{"allow":["GET"]}}],"collection":[{"href":"https:\/\/portal.sma.gob.cl\/index.php\/wp-json\/wp\/v2\/posts"}],"about":[{"href":"https:\/\/portal.sma.gob.cl\/index.php\/wp-json\/wp\/v2\/types\/post"}],"author":[{"embeddable":true,"href":"https:\/\/portal.sma.gob.cl\/index.php\/wp-json\/wp\/v2\/users\/3"}],"replies":[{"embeddable":true,"href":"https:\/\/portal.sma.gob.cl\/index.php\/wp-json\/wp\/v2\/comments?post=16868"}],"version-history":[{"count":0,"href":"https:\/\/portal.sma.gob.cl\/index.php\/wp-json\/wp\/v2\/posts\/16868\/revisions"}],"wp:featuredmedia":[{"embeddable":true,"href":"https:\/\/portal.sma.gob.cl\/index.php\/wp-json\/wp\/v2\/media\/16867"}],"wp:attachment":[{"href":"https:\/\/portal.sma.gob.cl\/index.php\/wp-json\/wp\/v2\/media?parent=16868"}],"wp:term":[{"taxonomy":"category","embeddable":true,"href":"https:\/\/portal.sma.gob.cl\/index.php\/wp-json\/wp\/v2\/categories?post=16868"},{"taxonomy":"post_tag","embeddable":true,"href":"https:\/\/portal.sma.gob.cl\/index.php\/wp-json\/wp\/v2\/tags?post=16868"}],"curies":[{"name":"wp","href":"https:\/\/api.w.org\/{rel}","templated":true}]}}