{"id":16872,"date":"2017-11-24T19:45:54","date_gmt":"2017-11-24T19:45:54","guid":{"rendered":"https:\/\/portal.sma.gob.cl\/index.php\/2017\/11\/24\/sma-organiza-taller-para-fundiciones-de-cobre-y-fuentes-emisoras-de-arsenico\/"},"modified":"2017-11-24T19:45:54","modified_gmt":"2017-11-24T19:45:54","slug":"sma-organiza-taller-para-fundiciones-de-cobre-y-fuentes-emisoras-de-arsenico","status":"publish","type":"post","link":"https:\/\/portal.sma.gob.cl\/index.php\/sma-organiza-taller-para-fundiciones-de-cobre-y-fuentes-emisoras-de-arsenico\/","title":{"rendered":"SMA ORGANIZA TALLER PARA FUNDICIONES DE COBRE Y FUENTES EMISORAS DE ARS\u00c9NICO"},"content":{"rendered":"<p><img decoding=\"async\" class=\"size-auto size-full wp-image-16871\" src=\"https:\/\/portal.sma.gob.cl\/wp-content\/uploads\/2017\/11\/nota-fundciones.jpg\" alt=\"nota-fundciones\" width=\"760\" height=\"360\" srcset=\"https:\/\/portal.sma.gob.cl\/wp-content\/uploads\/2017\/11\/nota-fundciones-200x95.jpg 200w, https:\/\/portal.sma.gob.cl\/wp-content\/uploads\/2017\/11\/nota-fundciones-300x142.jpg 300w, https:\/\/portal.sma.gob.cl\/wp-content\/uploads\/2017\/11\/nota-fundciones-400x189.jpg 400w, https:\/\/portal.sma.gob.cl\/wp-content\/uploads\/2017\/11\/nota-fundciones-600x284.jpg 600w, https:\/\/portal.sma.gob.cl\/wp-content\/uploads\/2017\/11\/nota-fundciones.jpg 760w\" sizes=\"(max-width: 760px) 100vw, 760px\" \/><\/p>\n<p style=\"text-align: justify;\"><strong>En la actividad participaron m\u00e1s de 40 profesionales ligados al mundo minero.<\/strong><\/p>\n<p>  <!--more-->  <\/p>\n<p style=\"text-align: justify;\"><strong>Santiago, 24 de noviembre de 2017.<\/strong> Esta ma\u00f1ana se llev\u00f3 a cabo un seminario destinado a profesionales de las empresas afectas al Decreto Supremo 28 de 2013, relativo a la Norma de Emisi\u00f3n para Fundiciones De Cobre y Fuentes Emisoras de Ars\u00e9nico, organizado por la Superintendencia del Medio Ambiente, en el marco de su rol de promoci\u00f3n del cumplimiento de la normativa ambiental.<\/p>\n<p style=\"text-align: justify;\">Cabe destacar que dicha Norma busca proteger la salud de las personas y el medio ambiente, fijando l\u00edmites para las emisiones contaminantes del aire como material particulado (MP), di\u00f3xido de azufre (SO2) y ars\u00e9nico (As). La SMA debe velar por el cumplimiento de la norma, que cuenta con distintas exigencias establecidas en un plazo de hasta cinco a\u00f1os de plazo.<br \/>La actividad fue inaugurada por el Jefe de la Divisi\u00f3n de Fiscalizaci\u00f3n, Rub\u00e9n Verdugo, quien realiz\u00f3 un repaso respecto de los principales aspectos que fiscaliza la SMA respecto a esta norma de emisi\u00f3n, y recalc\u00f3 que las empresas tienen una importante labor en el cumplimiento de la normativa, siempre considerando que son los primeros responsables en mantener sus operaciones dentro de los l\u00edmites normativos aplicables.<\/p>\n<p style=\"text-align: justify;\">Posteriormente, Sebasti\u00e1n Riestra, abogado de la Fiscal\u00eda de la SMA, revis\u00f3 los aspectos legales del cumplimiento normativo, haciendo hincapi\u00e9 en los alcances de los deberes de informaci\u00f3n de las empresas y particulares; la correlaci\u00f3n entra la actividad de fiscalizaci\u00f3n y la responsabilidad del declarante; y los deberes de informaci\u00f3n de los titulares afectos a la norma de emisi\u00f3n, entre los que se cuenta identificar las fuentes afectas, cumplir con el procedimiento de reporte de emisiones, entre otros.<\/p>\n<p style=\"text-align: justify;\">Siguiendo la exposici\u00f3n de la divisi\u00f3n de Fiscalizaci\u00f3n, Francisco Alegre explic\u00f3 el sistema Aseguramiento de Calidad (QA) y el Control de Calidad (QC) respecto del protocolo de validaci\u00f3n de CEMS, que establece el conjunto de actividades que permite garantizar la confiabilidad de los resultados de las mediciones necesarias para cumplir con la norma; Claudia Pastore explic\u00f3 el modelo de fiscalizaci\u00f3n de Instrumentos de Gesti\u00f3n Ambiental; y finalmente Elizabeth Salinas realiz\u00f3 un balance respecto a los resultados obtenidos el a\u00f1o 2016, repas\u00f3 la calidad de los reportes mensuales y la exigencia de medir opacidad en los hornos de refino.<\/p>\n<p style=\"text-align: justify;\">El taller finaliz\u00f3 con la exposici\u00f3n de Katherine Ferrada de la Fundici\u00f3n Chagres, quien present\u00f3 un proyecto piloto que permite el acceso remoto de la SMA a las pruebas QA\/QC que realiza dicha instalaci\u00f3n, para mantener la adecuada operatividad del sistema de monitoreo continuo de emisiones (CEMS). Esta es parte de las iniciativas de la SMA para un sistema de fiscalizaci\u00f3n 2.0, que incorpora nuevas tecnolog\u00edas para realizar una labor de fiscalizaci\u00f3n m\u00e1s eficiente.<\/p>\n<p style=\"text-align: justify;\">Cabe destacar que en la actividad tambi\u00e9n participaron fiscalizadores del Servicio Agr\u00edcola y Ganadero (SAG) y de la Seremi de Salud de la Regi\u00f3n de Valpara\u00edso, y en total, m\u00e1s de 40 profesionales ligados a la industria minera de las fundiciones.<\/p>\n<p style=\"text-align: justify;\">Para m\u00e1s detalles, acceder a las presentaciones disponibles:<\/p>\n<p style=\"text-align: justify;\"><a class=\"doclink\" href=\"index.php?option=com_docman&amp;task=doc_download&amp;gid=644&amp;Itemid=280\"><img decoding=\"async\" class=\" size-full wp-image-15480\" src=\"https:\/\/portal.sma.gob.cl\/wp-content\/uploads\/2012\/07\/pdf.png\" alt=\"icon\" border=\"0\" width=\"16\" height=\"16\" \/>&nbsp;NOV2017 Fundiciones- Presentaci\u00f3n S.Riestra<\/a><\/p>\n<p style=\"text-align: justify;\"><a class=\"doclink\" href=\"index.php?option=com_docman&amp;task=doc_download&amp;gid=643&amp;Itemid=280\"><img decoding=\"async\" class=\" size-full wp-image-15480\" src=\"https:\/\/portal.sma.gob.cl\/wp-content\/uploads\/2012\/07\/pdf.png\" alt=\"icon\" border=\"0\" width=\"16\" height=\"16\" \/>&nbsp;NOV2017 Fundiciones- Presentaci\u00f3n F.Alegre<\/a><\/p>\n<p style=\"text-align: justify;\"><a class=\"doclink\" href=\"index.php?option=com_docman&amp;task=doc_download&amp;gid=642&amp;Itemid=280\"><img decoding=\"async\" class=\" size-full wp-image-15480\" src=\"https:\/\/portal.sma.gob.cl\/wp-content\/uploads\/2012\/07\/pdf.png\" alt=\"icon\" border=\"0\" width=\"16\" height=\"16\" \/>&nbsp;NOV2017 Fundiciones- Presentaci\u00f3n C.Pastore<\/a><\/p>\n<p style=\"text-align: justify;\"><a class=\"doclink\" href=\"index.php?option=com_docman&amp;task=doc_download&amp;gid=641&amp;Itemid=280\"><img decoding=\"async\" class=\" size-full wp-image-15480\" src=\"https:\/\/portal.sma.gob.cl\/wp-content\/uploads\/2012\/07\/pdf.png\" alt=\"icon\" border=\"0\" width=\"16\" height=\"16\" \/>&nbsp;NOV2017 Fundiciones- Presentaci\u00f3n E. Salinas<\/a><\/p>\n","protected":false},"excerpt":{"rendered":"<p>En la actividad participaron m\u00e1s de 40 profesionales ligados al mundo minero.<\/p>\n","protected":false},"author":3,"featured_media":16871,"comment_status":"open","ping_status":"open","sticky":false,"template":"","format":"standard","meta":{"footnotes":""},"categories":[94],"tags":[],"class_list":["post-16872","post","type-post","status-publish","format-standard","has-post-thumbnail","hentry","category-notas-noticias"],"_links":{"self":[{"href":"https:\/\/portal.sma.gob.cl\/index.php\/wp-json\/wp\/v2\/posts\/16872","targetHints":{"allow":["GET"]}}],"collection":[{"href":"https:\/\/portal.sma.gob.cl\/index.php\/wp-json\/wp\/v2\/posts"}],"about":[{"href":"https:\/\/portal.sma.gob.cl\/index.php\/wp-json\/wp\/v2\/types\/post"}],"author":[{"embeddable":true,"href":"https:\/\/portal.sma.gob.cl\/index.php\/wp-json\/wp\/v2\/users\/3"}],"replies":[{"embeddable":true,"href":"https:\/\/portal.sma.gob.cl\/index.php\/wp-json\/wp\/v2\/comments?post=16872"}],"version-history":[{"count":0,"href":"https:\/\/portal.sma.gob.cl\/index.php\/wp-json\/wp\/v2\/posts\/16872\/revisions"}],"wp:featuredmedia":[{"embeddable":true,"href":"https:\/\/portal.sma.gob.cl\/index.php\/wp-json\/wp\/v2\/media\/16871"}],"wp:attachment":[{"href":"https:\/\/portal.sma.gob.cl\/index.php\/wp-json\/wp\/v2\/media?parent=16872"}],"wp:term":[{"taxonomy":"category","embeddable":true,"href":"https:\/\/portal.sma.gob.cl\/index.php\/wp-json\/wp\/v2\/categories?post=16872"},{"taxonomy":"post_tag","embeddable":true,"href":"https:\/\/portal.sma.gob.cl\/index.php\/wp-json\/wp\/v2\/tags?post=16872"}],"curies":[{"name":"wp","href":"https:\/\/api.w.org\/{rel}","templated":true}]}}