{"id":16874,"date":"2017-12-04T19:20:02","date_gmt":"2017-12-04T19:20:02","guid":{"rendered":"https:\/\/portal.sma.gob.cl\/index.php\/2017\/12\/04\/sma-participa-en-v-encuentro-de-la-red-sudamericana-de-fiscalizacion-y-cumplimiento-ambiental-en-brasil\/"},"modified":"2017-12-04T19:20:02","modified_gmt":"2017-12-04T19:20:02","slug":"sma-participa-en-v-encuentro-de-la-red-sudamericana-de-fiscalizacion-y-cumplimiento-ambiental-en-brasil","status":"publish","type":"post","link":"https:\/\/portal.sma.gob.cl\/index.php\/sma-participa-en-v-encuentro-de-la-red-sudamericana-de-fiscalizacion-y-cumplimiento-ambiental-en-brasil\/","title":{"rendered":"SMA participa en V Encuentro de la Red Sudamericana de Fiscalizaci\u00f3n y Cumplimiento Ambiental en Brasil"},"content":{"rendered":"<p style=\"text-align: justify;\"><span style=\"font-size: 12.16px;\"><img decoding=\"async\" class=\"size-auto size-full wp-image-16873\" src=\"https:\/\/portal.sma.gob.cl\/wp-content\/uploads\/2017\/12\/noticia_red.jpg\" alt=\"noticia red\" width=\"760\" height=\"360\" srcset=\"https:\/\/portal.sma.gob.cl\/wp-content\/uploads\/2017\/12\/noticia_red-200x95.jpg 200w, https:\/\/portal.sma.gob.cl\/wp-content\/uploads\/2017\/12\/noticia_red-300x142.jpg 300w, https:\/\/portal.sma.gob.cl\/wp-content\/uploads\/2017\/12\/noticia_red-400x189.jpg 400w, https:\/\/portal.sma.gob.cl\/wp-content\/uploads\/2017\/12\/noticia_red-600x284.jpg 600w, https:\/\/portal.sma.gob.cl\/wp-content\/uploads\/2017\/12\/noticia_red.jpg 760w\" sizes=\"(max-width: 760px) 100vw, 760px\" \/><\/span><\/p>\n<p style=\"text-align: justify;\"><strong><span style=\"font-size: 12.16px;\">El d\u00eda 28 de noviembre de 2017, en la ciudad de Brasilia, se desarroll\u00f3 el quinto encuentro de la Red Sudamericana, la cual ha cambiado su denominaci\u00f3n a Red Latinoamericana de Fiscalizaci\u00f3n y Cumplimiento Ambiental.<\/span><\/strong><\/p>\n<p>  <!--more-->  <\/p>\n<p style=\"text-align: justify;\"><strong>Santiago, 01 de diciembre de 2017. <\/strong>En el marco del plan de trabajo internacional que ha venido desarrollando la Superintendencia del Medio Ambiente (SMA) durante los \u00faltimos a\u00f1os para fortalecer los procedimientos de fiscalizaci\u00f3n y sanci\u00f3n ambiental, el Superintendente del Medio Ambiente, Cristian Franz, particip\u00f3 en el quinto encuentro de la Red Sudamericana de Fiscalizaci\u00f3n y Cumplimiento Ambiental, REDSUFICA, realizado en la ciudad de Brasilia.<\/p>\n<p style=\"text-align: justify;\">Durante la actividad, se realiz\u00f3 la revisi\u00f3n y aprobaci\u00f3n de los estatutos de la Red, as\u00ed como la discusi\u00f3n y aprobaci\u00f3n de la planificaci\u00f3n estrat\u00e9gica de la Red para el periodo 2018 -2020. La actividad fue dirigida por la presidenta pro-tempore de la Red, Suely Mara Vaz Guimar\u00e3es de Ara\u00fajo, presidenta del Instituto Brasile\u00f1o del Medio Ambiente y de los Recursos Naturales Renovables de Brasil (IBAMA). En la actividad participaron tambi\u00e9n representantes del Ministerio del Ambiente de Ecuador, el Organismo de Evaluaci\u00f3n y Fiscalizaci\u00f3n Ambiental del Per\u00fa, la Secretar\u00eda del Ambiente de Paraguay y el Ministerio del Ambiente y Desarrollo Sustentable de Argentina.<\/p>\n<p style=\"text-align: justify;\">Durante la actividad se incorporaron a la Red el Ministerio del Ambiente de Panam\u00e1, la Procuradur\u00eda Federal de Protecci\u00f3n Ambiental de M\u00e9xico y el Ministerio del Ambiente y Energ\u00eda de Costa Rica. En base a lo anterior, se propuso la modificaci\u00f3n del nombre de la Red, por \u201cRed Latinoamericana de Fiscalizaci\u00f3n y Cumplimiento Ambiental (REDLAFICA)\u201d, siendo aprobada esta nueva denominaci\u00f3n por la unanimidad de los participantes.<\/p>\n<p style=\"text-align: justify;\">Posteriormente, durante los d\u00edas 29 y 30 de noviembre, se desarroll\u00f3 el III dialogo regional de fiscalizaci\u00f3n y cumplimiento ambiental de Latinoam\u00e9rica, Organizado por el Banco Interamericano de Desarrollo, donde la SMA tuvo una destacada participaci\u00f3n con presentaciones a cargo del Superintendente del Medio Ambiente, Cristian Franz, e Iv\u00e1n Honorato, de la Divisi\u00f3n de Fiscalizaci\u00f3n.<\/p>\n<p style=\"text-align: justify;\">En dicha actividad solicitaron su incorporaci\u00f3n a REDLAFICA, el Ministerio de Medio Ambiente y Agua de Bolivia; el Ministerio de Medio Ambiente y Recursos Naturales de la Republica de El Salvador; el Ministerio de Ambiente y Recursos Naturales de la Rep\u00fablica de Guatemala; el Ministerio de Medio Ambiente y Recursos Naturales de la Republica Dominicana y la Secretaria de Energ\u00eda, Recursos Naturales Ambiente y Minas de la Republica Honduras.<\/p>\n<p style=\"text-align: justify;\">La Red surge con el objetivo de mejorar la fiscalizaci\u00f3n y el cumplimiento ambiental de toda la regi\u00f3n, ratificando el compromiso de avanzar en la labor de protecci\u00f3n del ambiente en Latinoam\u00e9rica, y fortalecer el rol de los organismos involucrados en la fiscalizaci\u00f3n y cumplimiento ambiental.<\/p>\n<p style=\"text-align: justify;\">Al finalizar la actividad, el Superintendente Cristian Franz, plante\u00f3 la importancia del trabajo de la Red a nivel latinoamericano, y como \u00e9sta puede transformarse en una plataforma de colaboraci\u00f3n y sinergia sin precedentes. El Superintendente agradeci\u00f3 a todos los participantes del evento, e indic\u00f3 que sent\u00eda mucha satisfacci\u00f3n que la SMA haya sido una de las instituciones promotoras de la Red, subrayando que hoy el desaf\u00edo es mayor, pues ya son 15 pa\u00edses de la regi\u00f3n y se hace un deber el trabajar en forma articulada y conjunta, de modo de poder transformar a la Red en una plataforma de trabajo \u00fanica a nivel mundial.<\/p>\n<p style=\"text-align: justify;\"><strong>Descarga de documentos<\/strong><\/p>\n<p style=\"text-align: justify;\"><a class=\"doclink\" href=\"index.php?option=com_docman&amp;task=doc_download&amp;gid=645&amp;Itemid=280\"><img decoding=\"async\" class=\" size-full wp-image-15480\" src=\"https:\/\/portal.sma.gob.cl\/wp-content\/uploads\/2012\/07\/pdf.png\" alt=\"icon\" border=\"0\" width=\"16\" height=\"16\" \/>&nbsp;<\/a><a class=\"doclink\" href=\"index.php?option=com_docman&amp;task=doc_download&amp;gid=645&amp;Itemid=280\">Acuerdo de Brasilia<\/a><\/p>\n<p style=\"text-align: justify;\"><a class=\"doclink\" href=\"index.php?option=com_docman&amp;task=doc_download&amp;gid=646&amp;Itemid=280\"><img decoding=\"async\" class=\" size-full wp-image-15480\" src=\"https:\/\/portal.sma.gob.cl\/wp-content\/uploads\/2012\/07\/pdf.png\" alt=\"icon\" border=\"0\" width=\"16\" height=\"16\" \/>&nbsp;Acta extraordinaria de Brasilia<\/a><\/p>\n<p style=\"text-align: justify;\">&nbsp;<\/p>\n<p style=\"text-align: justify;\">&nbsp;<\/p>\n","protected":false},"excerpt":{"rendered":"<p>El d\u00eda 28 de noviembre de 2017, en la ciudad de Brasilia, se desarroll\u00f3 el quinto encuentro de la Red Sudamericana, la cual ha cambiado su denominaci\u00f3n a Red Latinoamericana de Fiscalizaci\u00f3n y Cumplimiento Ambiental.<\/p>\n","protected":false},"author":3,"featured_media":16873,"comment_status":"open","ping_status":"open","sticky":false,"template":"","format":"standard","meta":{"footnotes":""},"categories":[94],"tags":[],"class_list":["post-16874","post","type-post","status-publish","format-standard","has-post-thumbnail","hentry","category-notas-noticias"],"_links":{"self":[{"href":"https:\/\/portal.sma.gob.cl\/index.php\/wp-json\/wp\/v2\/posts\/16874","targetHints":{"allow":["GET"]}}],"collection":[{"href":"https:\/\/portal.sma.gob.cl\/index.php\/wp-json\/wp\/v2\/posts"}],"about":[{"href":"https:\/\/portal.sma.gob.cl\/index.php\/wp-json\/wp\/v2\/types\/post"}],"author":[{"embeddable":true,"href":"https:\/\/portal.sma.gob.cl\/index.php\/wp-json\/wp\/v2\/users\/3"}],"replies":[{"embeddable":true,"href":"https:\/\/portal.sma.gob.cl\/index.php\/wp-json\/wp\/v2\/comments?post=16874"}],"version-history":[{"count":0,"href":"https:\/\/portal.sma.gob.cl\/index.php\/wp-json\/wp\/v2\/posts\/16874\/revisions"}],"wp:featuredmedia":[{"embeddable":true,"href":"https:\/\/portal.sma.gob.cl\/index.php\/wp-json\/wp\/v2\/media\/16873"}],"wp:attachment":[{"href":"https:\/\/portal.sma.gob.cl\/index.php\/wp-json\/wp\/v2\/media?parent=16874"}],"wp:term":[{"taxonomy":"category","embeddable":true,"href":"https:\/\/portal.sma.gob.cl\/index.php\/wp-json\/wp\/v2\/categories?post=16874"},{"taxonomy":"post_tag","embeddable":true,"href":"https:\/\/portal.sma.gob.cl\/index.php\/wp-json\/wp\/v2\/tags?post=16874"}],"curies":[{"name":"wp","href":"https:\/\/api.w.org\/{rel}","templated":true}]}}