{"id":16876,"date":"2017-12-05T20:06:12","date_gmt":"2017-12-05T20:06:12","guid":{"rendered":"https:\/\/portal.sma.gob.cl\/index.php\/2017\/12\/05\/superintendente-del-medio-ambiente-visita-zona-del-desastre-minero-de-bento-rodrigues-en-el-estado-de-minas-gerais-brasil\/"},"modified":"2017-12-05T20:06:12","modified_gmt":"2017-12-05T20:06:12","slug":"superintendente-del-medio-ambiente-visita-zona-del-desastre-minero-de-bento-rodrigues-en-el-estado-de-minas-gerais-brasil","status":"publish","type":"post","link":"https:\/\/portal.sma.gob.cl\/index.php\/superintendente-del-medio-ambiente-visita-zona-del-desastre-minero-de-bento-rodrigues-en-el-estado-de-minas-gerais-brasil\/","title":{"rendered":"Superintendente del Medio Ambiente visita zona del desastre minero de Bento Rodrigues en el Estado de Minas Gerais, Brasil"},"content":{"rendered":"<p style=\"text-align: justify;\"><img decoding=\"async\" class=\"size-auto size-full wp-image-16875\" src=\"https:\/\/portal.sma.gob.cl\/wp-content\/uploads\/2017\/12\/nota-minasgerais.jpg\" alt=\"nota-minasgerais\" width=\"680\" height=\"375\" srcset=\"https:\/\/portal.sma.gob.cl\/wp-content\/uploads\/2017\/12\/nota-minasgerais-200x110.jpg 200w, https:\/\/portal.sma.gob.cl\/wp-content\/uploads\/2017\/12\/nota-minasgerais-300x165.jpg 300w, https:\/\/portal.sma.gob.cl\/wp-content\/uploads\/2017\/12\/nota-minasgerais-400x221.jpg 400w, https:\/\/portal.sma.gob.cl\/wp-content\/uploads\/2017\/12\/nota-minasgerais-600x331.jpg 600w, https:\/\/portal.sma.gob.cl\/wp-content\/uploads\/2017\/12\/nota-minasgerais.jpg 680w\" sizes=\"(max-width: 680px) 100vw, 680px\" \/><\/p>\n<p style=\"text-align: justify;\"><strong>El Superintendente Franz recorri\u00f3 la zona donde se produjo el colapso del tranque de relaves de la minera Samarco, que cost\u00f3 la vida de 20 personas, y produjo da\u00f1os ambientales irreparables.<\/strong><\/p>\n<p>  <!--more-->  <\/p>\n<p style=\"text-align: justify;\"><strong>Minas Gerais, Brasil, 3 de diciembre de 2017.<\/strong> Acogiendo una invitaci\u00f3n del Instituto Brasile\u00f1o de Medio Ambiente y Recursos Naturales (IBAMA) de Brasil, el Superintendente del Medio Ambiente, Cristi\u00e1n Franz, realiz\u00f3 entre los d\u00edas 1 y 3 de diciembre una visita t\u00e9cnica a la zona afectada por el mayor desastre ambiental de la historia de Brasil. Al conmemorarse dos a\u00f1os de la tragedia ocurrida el 5 de noviembre de 2015 y que cost\u00f3 la vida a 20 personas y dej\u00f3 a varias desaparecidas, el Superintendente se desplaz\u00f3 hasta el distrito de Mariana en el Estado de Minas Gerais para conocer el \u00e1rea afectada y las causas que provocaron la tragedia.<\/p>\n<p style=\"text-align: justify;\">En dicha fecha, se produjo el colapso del tranque de relaves de la minera Samarco (de propiedad de la brasile\u00f1a Vale do Rio Doce y la angloaustraliana BHP Billiton). Uno de los muros del tranque, que conten\u00eda relaves del proceso de concentraci\u00f3n de hierro, se desmoron\u00f3 provocando la liberaci\u00f3n descontrolada de m\u00e1s de 43 millones de metros c\u00fabicos de relave los cuales inundaron completamente las cuencas de varios r\u00edos de la zona, destruyendo pueblos y campos a su paso y llegando finalmente al mar distante m\u00e1s de 600 kil\u00f3metros, 16 d\u00edas despu\u00e9s de ocurrido el derrame.<\/p>\n<p style=\"text-align: justify;\">El Superintendente Franz recorri\u00f3 las instalaciones afectadas y tambi\u00e9n una parte importante de la cuenca hidrogr\u00e1fica afectada, se\u00f1alando que \u201clo que hemos visto en estos d\u00edas es una tragedia de proporciones gigantescas que no s\u00f3lo cost\u00f3 la vida de personas, sino que da\u00f1\u00f3 de manera irreparable una superficie de miles de hect\u00e1reas cultivables y r\u00edos que prove\u00edan el sustento a cientos de pescadores de los Estados de Minas Gerais y Espirito Santo\u201d. El da\u00f1o ambiental es impresionante y los c\u00e1lculos m\u00e1s optimistas estiman que su recuperaci\u00f3n no tardar\u00e1 menos de 15 a\u00f1os y tiene un costo cifrado en miles de millones de d\u00f3lares, sin contar las sanciones e indemnizaciones que la empresa debe asumir\u201d.<\/p>\n<p style=\"text-align: justify;\">El Superintendente del Medio Ambiente indic\u00f3 que \u201cesta experiencia debe servirnos en Chile como un dram\u00e1tico recordatorio de la necesidad de dise\u00f1ar, construir y operar infraestructura de todo tipo -pero especialmente cr\u00edtica como esta- ci\u00f1\u00e9ndonos siempre a los m\u00e1s estrictos est\u00e1ndares de la industria e implementando las soluciones t\u00e9cnicas m\u00e1s seguras y eficientes para el control de los riesgos ambientales. El principio precautorio debe ser la norma en estos casos\u201d.<\/p>\n<p style=\"text-align: justify;\">Al finalizar la visita t\u00e9cnica el Superintendente Franz concluy\u00f3 se\u00f1alando: <em>\u201cSituaciones como esta, nos recuerda tambi\u00e9n y de manera dram\u00e1tica, a las instituciones del Estado encargadas de evaluar y fiscalizar este tipo de infraestructura de depositaci\u00f3n de residuos masivos mineros, lo imprescindible de ser proactivos en la supervisi\u00f3n y seguimiento de estos proyectos. Nadie quiere, por supuesto, tener que lamentar en Chile una tragedia como la que ocurri\u00f3 ac\u00e1 en Brasil\u201d.<\/em><\/p>\n","protected":false},"excerpt":{"rendered":"<p>El Superintendente Franz recorri\u00f3 la zona donde se produjo el colapso del tranque de relaves de la minera Samarco, que cost\u00f3 la vida de 20 personas, y produjo da\u00f1os ambientales irreparables.<\/p>\n","protected":false},"author":3,"featured_media":16875,"comment_status":"open","ping_status":"open","sticky":false,"template":"","format":"standard","meta":{"footnotes":""},"categories":[94],"tags":[],"class_list":["post-16876","post","type-post","status-publish","format-standard","has-post-thumbnail","hentry","category-notas-noticias"],"_links":{"self":[{"href":"https:\/\/portal.sma.gob.cl\/index.php\/wp-json\/wp\/v2\/posts\/16876","targetHints":{"allow":["GET"]}}],"collection":[{"href":"https:\/\/portal.sma.gob.cl\/index.php\/wp-json\/wp\/v2\/posts"}],"about":[{"href":"https:\/\/portal.sma.gob.cl\/index.php\/wp-json\/wp\/v2\/types\/post"}],"author":[{"embeddable":true,"href":"https:\/\/portal.sma.gob.cl\/index.php\/wp-json\/wp\/v2\/users\/3"}],"replies":[{"embeddable":true,"href":"https:\/\/portal.sma.gob.cl\/index.php\/wp-json\/wp\/v2\/comments?post=16876"}],"version-history":[{"count":0,"href":"https:\/\/portal.sma.gob.cl\/index.php\/wp-json\/wp\/v2\/posts\/16876\/revisions"}],"wp:featuredmedia":[{"embeddable":true,"href":"https:\/\/portal.sma.gob.cl\/index.php\/wp-json\/wp\/v2\/media\/16875"}],"wp:attachment":[{"href":"https:\/\/portal.sma.gob.cl\/index.php\/wp-json\/wp\/v2\/media?parent=16876"}],"wp:term":[{"taxonomy":"category","embeddable":true,"href":"https:\/\/portal.sma.gob.cl\/index.php\/wp-json\/wp\/v2\/categories?post=16876"},{"taxonomy":"post_tag","embeddable":true,"href":"https:\/\/portal.sma.gob.cl\/index.php\/wp-json\/wp\/v2\/tags?post=16876"}],"curies":[{"name":"wp","href":"https:\/\/api.w.org\/{rel}","templated":true}]}}