{"id":16883,"date":"2017-12-11T20:16:20","date_gmt":"2017-12-11T20:16:20","guid":{"rendered":"https:\/\/portal.sma.gob.cl\/index.php\/2017\/12\/11\/sma-realiza-lanzamiento-de-la-publicacion-de-sus-bases-metodologicas-para-la-determinacion-de-sanciones-actualizacion-2017-con-gran-audiencia\/"},"modified":"2017-12-11T20:16:20","modified_gmt":"2017-12-11T20:16:20","slug":"sma-realiza-lanzamiento-de-la-publicacion-de-sus-bases-metodologicas-para-la-determinacion-de-sanciones-actualizacion-2017-con-gran-audiencia","status":"publish","type":"post","link":"https:\/\/portal.sma.gob.cl\/index.php\/sma-realiza-lanzamiento-de-la-publicacion-de-sus-bases-metodologicas-para-la-determinacion-de-sanciones-actualizacion-2017-con-gran-audiencia\/","title":{"rendered":"SMA realiza lanzamiento de la publicaci\u00f3n de sus Bases Metodol\u00f3gicas para la Determinaci\u00f3n de Sanciones, actualizaci\u00f3n 2017, con gran audiencia"},"content":{"rendered":"<p><strong><img decoding=\"async\" class=\"size-auto size-full wp-image-16882\" src=\"https:\/\/portal.sma.gob.cl\/wp-content\/uploads\/2017\/12\/nota_sanciones.jpg\" alt=\"nota sanciones\" width=\"760\" height=\"360\" srcset=\"https:\/\/portal.sma.gob.cl\/wp-content\/uploads\/2017\/12\/nota_sanciones-200x95.jpg 200w, https:\/\/portal.sma.gob.cl\/wp-content\/uploads\/2017\/12\/nota_sanciones-300x142.jpg 300w, https:\/\/portal.sma.gob.cl\/wp-content\/uploads\/2017\/12\/nota_sanciones-400x189.jpg 400w, https:\/\/portal.sma.gob.cl\/wp-content\/uploads\/2017\/12\/nota_sanciones-600x284.jpg 600w, https:\/\/portal.sma.gob.cl\/wp-content\/uploads\/2017\/12\/nota_sanciones.jpg 760w\" sizes=\"(max-width: 760px) 100vw, 760px\" \/><\/strong><\/p>\n<p><strong>El Ministro de la Corte Suprema de Justicia, Sergio Mu\u00f1oz Gajardo, coment\u00f3 la publicaci\u00f3n \u201cBases metodol\u00f3gicas para la determinaci\u00f3n de sanciones ambientales, actualizaci\u00f3n 2017\u201d.<\/strong><\/p>\n<p>  <!--more-->  <\/p>\n<p style=\"text-align: justify;\"><strong>Santiago, 6 de diciembre de 2017.<\/strong> Con la presencia de m\u00e1s de 80 personas se realiz\u00f3 el lanzamiento del libro \u201cBases metodol\u00f3gicas para la determinaci\u00f3n de sanciones ambientales, actualizaci\u00f3n 2017\u201d, elaborado por la Superintendencia del Medio Ambiente (SMA). En el auditorio del Centro de Extensi\u00f3n de la Pontificia Universidad Cat\u00f3lica de Valpara\u00edso ubicado en Santiago, se dio cita al evento convocado para presentar la publicaci\u00f3n, que surge como una respuesta estrat\u00e9gica a las necesidades que impone la Ley Org\u00e1nica de la SMA respecto de la fundamentaci\u00f3n de las determinaciones adoptadas en materia sancionatoria.<\/p>\n<p style=\"text-align: justify;\">El Superintendente del Medio Ambiente, Cristi\u00e1n Franz, al abrir la jornada se\u00f1al\u00f3 que la imposici\u00f3n de sanciones tiene por finalidad orientar la conducta de los sujetos regulados hacia el cumplimiento, ejerciendo una funci\u00f3n disuasiva respecto de la comisi\u00f3n de infracciones, es decir, desincentivando futuros incumplimientos. En ese sentido, explic\u00f3 que el poder disuasivo de las sanciones depende, entre otros factores, del impacto econ\u00f3mico que \u00e9stas provoquen a los infractores, su adecuada fundamentaci\u00f3n y coherencia y la efectividad de su aplicaci\u00f3n. Agreg\u00f3 que la elaboraci\u00f3n de una metodolog\u00eda de determinaci\u00f3n de sanciones, como la que la SMA ha puesto a disposici\u00f3n de la comunidad de regulados y del p\u00fablico en general, es un hito estrat\u00e9gico en el proceso de consolidaci\u00f3n institucional de la SMA. Indic\u00f3 que esta publicaci\u00f3n corresponde a una segunda versi\u00f3n del documento \u201cBases metodol\u00f3gicas para la determinaci\u00f3n de sanciones ambientales\u201d, publicado en el a\u00f1o 2015, que incorpora una actualizaci\u00f3n de aspectos conceptuales y metodol\u00f3gicos relevantes, la cual se origina principalmente a partir de la experiencia adquirida en la aplicaci\u00f3n de las bases metodol\u00f3gicas y de la jurisprudencia que ha sido establecida en estos \u00faltimos dos a\u00f1os.<\/p>\n<p style=\"text-align: justify;\">Por su parte, la Jefa de la Divisi\u00f3n de Sanci\u00f3n y Cumplimiento, Marie Claude Plumer, agradeci\u00f3 al equipo de la SMA que ha contribuido en la elaboraci\u00f3n del documento. Explic\u00f3 que este trabajo es el resultado de un proceso de exhaustivo an\u00e1lisis, tanto en la forma de un balance interno respecto de la aplicaci\u00f3n de las bases metodol\u00f3gicas desde su primera publicaci\u00f3n en el a\u00f1o 2015, como a trav\u00e9s de la revisi\u00f3n de la jurisprudencia que se ha asentado en relaci\u00f3n a ella. Destac\u00f3 que este proceso de revisi\u00f3n, y la publicaci\u00f3n de una versi\u00f3n actualizada de las bases metodol\u00f3gicas, responden al car\u00e1cter din\u00e1mico con que ellas fueron constituidas y que, por ende, el proceso de ajuste debiese continuar en base a la casu\u00edstica y a la jurisprudencia que en el futuro se asiente.<\/p>\n<p style=\"text-align: justify;\">En tanto, el Ministro de la Corte Suprema de Justicia, Sergio Mu\u00f1oz, quien coment\u00f3 la publicaci\u00f3n, destac\u00f3 la importancia del documento y el esfuerzo de la SMA para obtener un documento que permita tener coherencia y transparencia en la aplicaci\u00f3n de sanciones. Destac\u00f3, asimismo, la elaboraci\u00f3n y publicaci\u00f3n del documento como un notable ejemplo de cumplimiento con el deber de la administraci\u00f3n del Estado en relaci\u00f3n a la fundamentaci\u00f3n de sus decisiones en materia sancionatoria. Es as\u00ed como, seg\u00fan indic\u00f3, este documento pone a disposici\u00f3n de los regulados por los instrumentos de car\u00e1cter ambiental de competencia de la SMA, los criterios que ser\u00e1n considerados para la determinaci\u00f3n de la sanci\u00f3n, permiti\u00e9ndoles anticipar su aplicaci\u00f3n en caso de incumplimiento. Finalmente, el Ministro Sergio Mu\u00f1oz destac\u00f3 la labor de la Superintendencia en relaci\u00f3n a la publicaci\u00f3n de las bases metodol\u00f3gicas, relev\u00e1ndola como un aporte al pa\u00eds en materia de regulaci\u00f3n ambiental, acorde con los principios base en que ella se sustenta.<\/p>\n<p style=\"text-align: justify;\">Desde su lanzamiento, el documento \u201cBases metodol\u00f3gicas para la determinaci\u00f3n de sanciones ambientales\u201d, en su versi\u00f3n actualizada del a\u00f1o 2017, puede ser consultado en la p\u00e1gina de la SMA, <a href=\"index.php\/documentos\/publicacion\">en la secci\u00f3n de Publicaciones.<\/a><\/p>\n","protected":false},"excerpt":{"rendered":"<p>El Ministro de la Corte Suprema de Justicia, Sergio Mu\u00f1oz Gajardo, coment\u00f3 la publicaci\u00f3n \u201cBases metodol\u00f3gicas para la determinaci\u00f3n de sanciones ambientales, actualizaci\u00f3n 2017\u201d.<\/p>\n","protected":false},"author":3,"featured_media":16882,"comment_status":"open","ping_status":"open","sticky":false,"template":"","format":"standard","meta":{"footnotes":""},"categories":[90],"tags":[],"class_list":["post-16883","post","type-post","status-publish","format-standard","has-post-thumbnail","hentry","category-comunicados-noticias"],"_links":{"self":[{"href":"https:\/\/portal.sma.gob.cl\/index.php\/wp-json\/wp\/v2\/posts\/16883","targetHints":{"allow":["GET"]}}],"collection":[{"href":"https:\/\/portal.sma.gob.cl\/index.php\/wp-json\/wp\/v2\/posts"}],"about":[{"href":"https:\/\/portal.sma.gob.cl\/index.php\/wp-json\/wp\/v2\/types\/post"}],"author":[{"embeddable":true,"href":"https:\/\/portal.sma.gob.cl\/index.php\/wp-json\/wp\/v2\/users\/3"}],"replies":[{"embeddable":true,"href":"https:\/\/portal.sma.gob.cl\/index.php\/wp-json\/wp\/v2\/comments?post=16883"}],"version-history":[{"count":0,"href":"https:\/\/portal.sma.gob.cl\/index.php\/wp-json\/wp\/v2\/posts\/16883\/revisions"}],"wp:featuredmedia":[{"embeddable":true,"href":"https:\/\/portal.sma.gob.cl\/index.php\/wp-json\/wp\/v2\/media\/16882"}],"wp:attachment":[{"href":"https:\/\/portal.sma.gob.cl\/index.php\/wp-json\/wp\/v2\/media?parent=16883"}],"wp:term":[{"taxonomy":"category","embeddable":true,"href":"https:\/\/portal.sma.gob.cl\/index.php\/wp-json\/wp\/v2\/categories?post=16883"},{"taxonomy":"post_tag","embeddable":true,"href":"https:\/\/portal.sma.gob.cl\/index.php\/wp-json\/wp\/v2\/tags?post=16883"}],"curies":[{"name":"wp","href":"https:\/\/api.w.org\/{rel}","templated":true}]}}