{"id":16885,"date":"2017-12-12T21:10:10","date_gmt":"2017-12-12T21:10:10","guid":{"rendered":"https:\/\/portal.sma.gob.cl\/index.php\/2017\/12\/12\/se-realizo-la-septima-reunion-del-consejo-consultivo-de-la-red-nacional-de-fiscalizacion-ambiental-renfa\/"},"modified":"2017-12-12T21:10:10","modified_gmt":"2017-12-12T21:10:10","slug":"se-realizo-la-septima-reunion-del-consejo-consultivo-de-la-red-nacional-de-fiscalizacion-ambiental-renfa","status":"publish","type":"post","link":"https:\/\/portal.sma.gob.cl\/index.php\/se-realizo-la-septima-reunion-del-consejo-consultivo-de-la-red-nacional-de-fiscalizacion-ambiental-renfa\/","title":{"rendered":"Se realiz\u00f3 la s\u00e9ptima reuni\u00f3n del Consejo Consultivo de la Red Nacional de Fiscalizaci\u00f3n Ambiental (RENFA)"},"content":{"rendered":"<p style=\"text-align: justify;\"><strong><img decoding=\"async\" class=\"size-auto size-full wp-image-16884\" src=\"https:\/\/portal.sma.gob.cl\/wp-content\/uploads\/2017\/12\/nota_consejo_renfa.jpg\" alt=\"nota consejo renfa\" width=\"680\" height=\"375\" srcset=\"https:\/\/portal.sma.gob.cl\/wp-content\/uploads\/2017\/12\/nota_consejo_renfa-200x110.jpg 200w, https:\/\/portal.sma.gob.cl\/wp-content\/uploads\/2017\/12\/nota_consejo_renfa-300x165.jpg 300w, https:\/\/portal.sma.gob.cl\/wp-content\/uploads\/2017\/12\/nota_consejo_renfa-400x221.jpg 400w, https:\/\/portal.sma.gob.cl\/wp-content\/uploads\/2017\/12\/nota_consejo_renfa-600x331.jpg 600w, https:\/\/portal.sma.gob.cl\/wp-content\/uploads\/2017\/12\/nota_consejo_renfa.jpg 680w\" sizes=\"(max-width: 680px) 100vw, 680px\" \/><\/strong><\/p>\n<p style=\"text-align: justify;\">&nbsp;<\/p>\n<p style=\"text-align: justify;\"><strong>Durante la actividad, se realiz\u00f3 un balance general en materia de gesti\u00f3n de la fiscalizaci\u00f3n ambiental nacional (2013-2017), as\u00ed como se revis\u00f3 los desaf\u00edos que presenta el Plan de trabajo de la Red para el periodo 2018-2023.<\/strong><\/p>\n<p>  <!--more-->  <\/p>\n<p style=\"text-align: justify;\"><strong>Santiago, 07 de Diciembre de 2017.<\/strong> En el marco del Plan de Trabajo de la Red Nacional de Fiscalizaci\u00f3n Ambiental, se realiz\u00f3 la s\u00e9ptima reuni\u00f3n del consejo consultivo de la Red, instancia integrada por los representantes de los Organismos del Estado de Chile, que participan de los procesos de fiscalizaci\u00f3n ambiental.<\/p>\n<p style=\"text-align: justify;\">La sesi\u00f3n comenz\u00f3 con una exposici\u00f3n en la cual se present\u00f3 un balance de las actividades desarrolladas durante el a\u00f1o 2017, as\u00ed como la evoluci\u00f3n de las actividades de fiscalizaci\u00f3n ambiental y los principales hitos en materia de formaci\u00f3n de capital humano de los integrantes de la red.<\/p>\n<p style=\"text-align: justify;\">Adicionalmente, en la actividad se convers\u00f3 sobre la necesidad de re mirar la actual forma de hacer evaluaci\u00f3n de cumplimiento ambiental, avanzando por ejemplo en una estrat\u00e9gica de fiscalizaci\u00f3n que promueva el autocumplimiento de los titulares, mediante el desarrollo de una serie de herramientas e instancias de trabajo, promovidas por la RENFA. Seg\u00fan lo indicado por Rub\u00e9n Verdugo, Jefe de la Divisi\u00f3n de Fiscalizaci\u00f3n de la SMA, \u201cdebemos repensar el modelo de fiscalizaci\u00f3n ambiental, ya que las capacidades de fiscalizaci\u00f3n del Estado son limitadas, la comunidad requiere de respuestas oportunas, por lo cual debemos incentivar que los titulares cumplan la normativa ambiental, mediante la b\u00fasqueda de herramientas innovadoras en materia de gesti\u00f3n ambiental\u201d.<\/p>\n<p style=\"text-align: justify;\">Tambi\u00e9n, durante la actividad se present\u00f3 a los integrantes del consejo consultivo, el plan de trabajo plurianual de la RENFA, asociado al periodo 2017-2023, aprobado mediante la Resoluci\u00f3n SMA N\u00b01292, del 30 de octubre de 2017, en el cual se establecen 4 ejes estrat\u00e9gicos, as\u00ed como l\u00edneas de acci\u00f3n de trabajo de la Red. Siendo los ejes de trabajo para el periodo; Mejorar la Gesti\u00f3n de la Fiscalizaci\u00f3n Ambiental; Mejorar las gesti\u00f3n de competencias; mejorar los procesos de comunicaci\u00f3n entre los organismos del Estado y Titulares; y el fortalecimiento institucional.<\/p>\n","protected":false},"excerpt":{"rendered":"<p>&nbsp; Durante la actividad, se realiz\u00f3 un balance general en materia de gesti\u00f3n de la fiscalizaci\u00f3n ambiental nacional (2013-2017), as\u00ed como se revis\u00f3 los desaf\u00edos que presenta el Plan de trabajo de la Red para el periodo 2018-2023.<\/p>\n","protected":false},"author":3,"featured_media":16884,"comment_status":"open","ping_status":"open","sticky":false,"template":"","format":"standard","meta":{"footnotes":""},"categories":[90],"tags":[],"class_list":["post-16885","post","type-post","status-publish","format-standard","has-post-thumbnail","hentry","category-comunicados-noticias"],"_links":{"self":[{"href":"https:\/\/portal.sma.gob.cl\/index.php\/wp-json\/wp\/v2\/posts\/16885","targetHints":{"allow":["GET"]}}],"collection":[{"href":"https:\/\/portal.sma.gob.cl\/index.php\/wp-json\/wp\/v2\/posts"}],"about":[{"href":"https:\/\/portal.sma.gob.cl\/index.php\/wp-json\/wp\/v2\/types\/post"}],"author":[{"embeddable":true,"href":"https:\/\/portal.sma.gob.cl\/index.php\/wp-json\/wp\/v2\/users\/3"}],"replies":[{"embeddable":true,"href":"https:\/\/portal.sma.gob.cl\/index.php\/wp-json\/wp\/v2\/comments?post=16885"}],"version-history":[{"count":0,"href":"https:\/\/portal.sma.gob.cl\/index.php\/wp-json\/wp\/v2\/posts\/16885\/revisions"}],"wp:featuredmedia":[{"embeddable":true,"href":"https:\/\/portal.sma.gob.cl\/index.php\/wp-json\/wp\/v2\/media\/16884"}],"wp:attachment":[{"href":"https:\/\/portal.sma.gob.cl\/index.php\/wp-json\/wp\/v2\/media?parent=16885"}],"wp:term":[{"taxonomy":"category","embeddable":true,"href":"https:\/\/portal.sma.gob.cl\/index.php\/wp-json\/wp\/v2\/categories?post=16885"},{"taxonomy":"post_tag","embeddable":true,"href":"https:\/\/portal.sma.gob.cl\/index.php\/wp-json\/wp\/v2\/tags?post=16885"}],"curies":[{"name":"wp","href":"https:\/\/api.w.org\/{rel}","templated":true}]}}