{"id":16889,"date":"2017-12-20T21:10:01","date_gmt":"2017-12-20T21:10:01","guid":{"rendered":"https:\/\/portal.sma.gob.cl\/index.php\/2017\/12\/20\/superintendencia-realiza-lanzamiento-de-publicacion-cumplimiento-ambiental-2-0-transformacion-digital-en-la-sma\/"},"modified":"2018-12-20T16:10:22","modified_gmt":"2018-12-20T16:10:22","slug":"superintendencia-realiza-lanzamiento-de-publicacion-cumplimiento-ambiental-2-0-transformacion-digital-en-la-sma","status":"publish","type":"post","link":"https:\/\/portal.sma.gob.cl\/index.php\/superintendencia-realiza-lanzamiento-de-publicacion-cumplimiento-ambiental-2-0-transformacion-digital-en-la-sma\/","title":{"rendered":"SMA realiza lanzamiento de publicaci\u00f3n \u201cCumplimiento Ambiental 2.0: transformaci\u00f3n digital en la SMA\u201d"},"content":{"rendered":"<p style=\"text-align: justify;\">\n<p style=\"text-align: justify;\"><strong>La actividad tambi\u00e9n cont\u00f3 con exposiciones y un panel de discusi\u00f3n de alto nivel, respecto al uso de tecnolog\u00edas para apoyar la verificaci\u00f3n del cumplimiento de la normativa ambiental.<\/strong><\/p>\n<p><!--more--><\/p>\n<p style=\"text-align: justify;\"><strong>Santiago, 19 de diciembre de 2017.<\/strong> En el sal\u00f3n Araucaria del Hotel Plaza San Francisco la SMA realiz\u00f3 el lanzamiento de la publicaci\u00f3n \u201cCumplimiento Ambiental 2.0: transformaci\u00f3n digital en la SMA\u201d, que plantea los ejes estrat\u00e9gicos de la instituci\u00f3n frente al fen\u00f3meno de la transformaci\u00f3n digital vigente, en los aspectos relativos a la fiscalizaci\u00f3n y cumplimiento de la normativa ambiental. Al evento asistieron distintos representantes del sector p\u00fablico, acad\u00e9mico y privado, como tambi\u00e9n algunas autoridades ligadas a la cartera medio ambiental.<\/p>\n<p style=\"text-align: justify;\">\n<p style=\"text-align: justify;\">El seminario comenz\u00f3 con palabras de bienvenida del Ministro del Medio Ambiente, Marcelo Mena, y del Superintendente del Medio Ambiente, Cristian Franz. Posteriormente se dio inicio a un bloque de presentaciones, la primera de ellas expuesta por Sebasti\u00e1n Elgueta, Jefe del Departamento de Gesti\u00f3n de la Informaci\u00f3n de la SMA, quien detall\u00f3 el contexto actual en que se encuentra la institucionalidad en relaci\u00f3n con la transformaci\u00f3n digital y las tecnolog\u00edas disponibles para el quehacer del \u00e1mbito p\u00fablico. <em style=\"font-size: 12.16px;\">\u201cEl motor de la transformaci\u00f3n digital de una organizaci\u00f3n es la estrategia y no la tecnolog\u00eda\u201d<\/em> fue la frase que utiliz\u00f3 para referirse a la importancia de contar con un planteamiento concreto y una hoja de ruta frente a la contingencia tecnol\u00f3gica. Entre otras cosas, coment\u00f3 c\u00f3mo la SMA ha ido implementando la innovaci\u00f3n tecnol\u00f3gica en sus procesos, a trav\u00e9s del desarrollo de una plataforma tecnol\u00f3gica integrada, el uso de sensores remotos en l\u00ednea (dispositivos IoT, de <em style=\"font-size: 12.16px;\">Internet of Things<\/em>) y la computaci\u00f3n de alto rendimiento en la nube para el procesamiento de im\u00e1genes satelitales.<\/p>\n<p style=\"text-align: justify;\">\n<p style=\"text-align: justify;\">Las exposiciones que sucedieron fueron presentadas por miembros del sector p\u00fablico y privado. Destac\u00f3 la presentaci\u00f3n de SERNAPESCA realizada por la Subdirectora de Acuicultura, Alicia Gallardo, quien exhibi\u00f3 los aspectos principales del Sistema Integrado de Manejo de la Acuicultura (SIMA), y la presentaci\u00f3n de CONAF expuesta por el Jefe de la Secci\u00f3n de An\u00e1lisis y Predicci\u00f3n de Incendios Forestales, Jorge Saavedra. En ambos casos se destac\u00f3 el trabajo innovador y el desarrollo de herramientas digitales para apoyar la toma de decisiones.<\/p>\n<p style=\"text-align: justify;\">\n<p style=\"text-align: justify;\">La actividad culmin\u00f3 con un panel de discusi\u00f3n moderado por Rub\u00e9n Verdugo, Jefe de la Divisi\u00f3n de Fiscalizaci\u00f3n de la SMA. El panel estuvo conformado por Cristi\u00e1n Franz, Superintendente del Medio Ambiente, Juan Crist\u00f3bal Moscoso, Director Ejecutivo (S) del Servicio de Evaluaci\u00f3n Ambiental, y, Ximena Insunza, Ministra suplente del Tribunal Ambiental de Santiago. De acuerdo a la Ministra, hay un desfase entre el Derecho y lo que acontece en la industria, destacando la importancia de hacer dialogar el avance tecnol\u00f3gico con el normativo, de forma que la aplicaci\u00f3n de innovaciones e iniciativas vayan siendo validadas y sustentadas en el \u00e1mbito legal. A su vez, Juan Crist\u00f3bal Moscoso destac\u00f3 la necesidad de mejorar la comunicaci\u00f3n e interoperabilidad entre instituciones, como, por ejemplo, implementar el intercambio de informaci\u00f3n levantada en terreno. Por su parte, el superintendente Franz destac\u00f3 la positiva experiencia de la SMA en este \u00e1mbito, confirmatoria de que por esta v\u00eda el quehacer de la Superintendencia y de las instituciones p\u00fablicas en general puede ser potenciado de manera dr\u00e1stica en su eficiencia, oportunidad y transparencia. As\u00ed mismo, destac\u00f3 que es un camino nuevo que reci\u00e9n comienza para los organismos p\u00fablicos,\u00a0por lo que existe en este sentido una oportunidad gigantesca de desarrollo para el sector.<\/p>\n<p style=\"text-align: justify;\">\n<p style=\"text-align: justify;\">La publicaci\u00f3n se encuentra disponible en el siguiente link: <a style=\"font-size: 12.16px;\" href=\"index.php\/documentos\/publicacion\/doc_download\/652-cumplimiento-ambiental-2-0\">Cumplimiento Ambiental 2.0<\/a><\/p>\n<p style=\"text-align: justify;\"><strong style=\"font-size: 12.16px;\">Presentaciones para descarga:<\/strong><\/p>\n<p style=\"text-align: justify;\"><a class=\"doclink\" href=\"index.php?option=com_docman&amp;task=doc_download&amp;gid=655&amp;Itemid=280\"><img decoding=\"async\" class=\" size-full wp-image-15480\" src=\"https:\/\/portal.sma.gob.cl\/wp-content\/uploads\/2012\/07\/pdf.png\" alt=\"icon\" width=\"16\" height=\"16\" border=\"0\" \/>\u00a0Anglo American &#8211; Experiencia Monitoreo Ambiental en Linea_Chagres<\/a><\/p>\n<p style=\"text-align: justify;\"><a class=\"doclink\" href=\"index.php?option=com_docman&amp;task=doc_download&amp;gid=656&amp;Itemid=280\"><img decoding=\"async\" class=\" size-full wp-image-15480\" src=\"https:\/\/portal.sma.gob.cl\/wp-content\/uploads\/2012\/07\/pdf.png\" alt=\"icon\" width=\"16\" height=\"16\" border=\"0\" \/>\u00a0CONAF &#8211; Secci\u00f3n de an\u00e1lisis de incendios forestales<\/a><\/p>\n<p style=\"text-align: justify;\"><a class=\"doclink\" href=\"index.php?option=com_docman&amp;task=doc_download&amp;gid=657&amp;Itemid=280\"><img decoding=\"async\" class=\" size-full wp-image-15480\" src=\"https:\/\/portal.sma.gob.cl\/wp-content\/uploads\/2012\/07\/pdf.png\" alt=\"icon\" width=\"16\" height=\"16\" border=\"0\" \/>\u00a0Departamento de Gesti\u00f3n de la Informaci\u00f3n, SMA &#8211; Cumplimiento Ambiental 2.0<\/a><\/p>\n<p style=\"text-align: justify;\"><a class=\"doclink\" href=\"index.php?option=com_docman&amp;task=doc_download&amp;gid=658&amp;Itemid=280\"><img decoding=\"async\" class=\" size-full wp-image-15480\" src=\"https:\/\/portal.sma.gob.cl\/wp-content\/uploads\/2012\/07\/pdf.png\" alt=\"icon\" width=\"16\" height=\"16\" border=\"0\" \/>\u00a0SERNAPESCA- Iniciativa de integraci\u00f3n de datos desarrollada en Chile por el Servicio Nacional de Pesca y Acuicultura<\/a><\/p>\n","protected":false},"excerpt":{"rendered":"<p>La actividad tambi\u00e9n cont\u00f3 con exposiciones y un panel de discusi\u00f3n de alto nivel, respecto al uso de tecnolog\u00edas para apoyar la verificaci\u00f3n del cumplimiento de la normativa ambiental.<\/p>\n","protected":false},"author":3,"featured_media":16888,"comment_status":"open","ping_status":"open","sticky":false,"template":"","format":"standard","meta":{"footnotes":""},"categories":[94],"tags":[],"class_list":["post-16889","post","type-post","status-publish","format-standard","has-post-thumbnail","hentry","category-notas-noticias"],"_links":{"self":[{"href":"https:\/\/portal.sma.gob.cl\/index.php\/wp-json\/wp\/v2\/posts\/16889","targetHints":{"allow":["GET"]}}],"collection":[{"href":"https:\/\/portal.sma.gob.cl\/index.php\/wp-json\/wp\/v2\/posts"}],"about":[{"href":"https:\/\/portal.sma.gob.cl\/index.php\/wp-json\/wp\/v2\/types\/post"}],"author":[{"embeddable":true,"href":"https:\/\/portal.sma.gob.cl\/index.php\/wp-json\/wp\/v2\/users\/3"}],"replies":[{"embeddable":true,"href":"https:\/\/portal.sma.gob.cl\/index.php\/wp-json\/wp\/v2\/comments?post=16889"}],"version-history":[{"count":1,"href":"https:\/\/portal.sma.gob.cl\/index.php\/wp-json\/wp\/v2\/posts\/16889\/revisions"}],"predecessor-version":[{"id":17415,"href":"https:\/\/portal.sma.gob.cl\/index.php\/wp-json\/wp\/v2\/posts\/16889\/revisions\/17415"}],"wp:featuredmedia":[{"embeddable":true,"href":"https:\/\/portal.sma.gob.cl\/index.php\/wp-json\/wp\/v2\/media\/16888"}],"wp:attachment":[{"href":"https:\/\/portal.sma.gob.cl\/index.php\/wp-json\/wp\/v2\/media?parent=16889"}],"wp:term":[{"taxonomy":"category","embeddable":true,"href":"https:\/\/portal.sma.gob.cl\/index.php\/wp-json\/wp\/v2\/categories?post=16889"},{"taxonomy":"post_tag","embeddable":true,"href":"https:\/\/portal.sma.gob.cl\/index.php\/wp-json\/wp\/v2\/tags?post=16889"}],"curies":[{"name":"wp","href":"https:\/\/api.w.org\/{rel}","templated":true}]}}