{"id":16891,"date":"2017-12-26T16:17:49","date_gmt":"2017-12-26T16:17:49","guid":{"rendered":"https:\/\/portal.sma.gob.cl\/index.php\/2017\/12\/26\/superintendente-visita-planta-de-disposicion-de-residuos-industriales-y-relleno-sanitario-en-la-region-de-los-lagos\/"},"modified":"2017-12-26T16:17:49","modified_gmt":"2017-12-26T16:17:49","slug":"superintendente-visita-planta-de-disposicion-de-residuos-industriales-y-relleno-sanitario-en-la-region-de-los-lagos","status":"publish","type":"post","link":"https:\/\/portal.sma.gob.cl\/index.php\/superintendente-visita-planta-de-disposicion-de-residuos-industriales-y-relleno-sanitario-en-la-region-de-los-lagos\/","title":{"rendered":"Superintendente visita Planta de Disposici\u00f3n de Residuos Industriales y Relleno Sanitario en la Regi\u00f3n de los Lagos"},"content":{"rendered":"<p><img decoding=\"async\" class=\"size-auto size-full wp-image-16890\" style=\"display: block; margin-left: auto; margin-right: auto;\" src=\"https:\/\/portal.sma.gob.cl\/wp-content\/uploads\/2017\/12\/super_visita_lagos.png\" alt=\"super visita lagos\" width=\"760\" height=\"360\" srcset=\"https:\/\/portal.sma.gob.cl\/wp-content\/uploads\/2017\/12\/super_visita_lagos-200x95.png 200w, https:\/\/portal.sma.gob.cl\/wp-content\/uploads\/2017\/12\/super_visita_lagos-300x142.png 300w, https:\/\/portal.sma.gob.cl\/wp-content\/uploads\/2017\/12\/super_visita_lagos-400x189.png 400w, https:\/\/portal.sma.gob.cl\/wp-content\/uploads\/2017\/12\/super_visita_lagos-600x284.png 600w, https:\/\/portal.sma.gob.cl\/wp-content\/uploads\/2017\/12\/super_visita_lagos.png 760w\" sizes=\"(max-width: 760px) 100vw, 760px\" \/><\/p>\n<p>&nbsp;<\/p>\n<p><strong>Adem\u00e1s de recorrer ambas unidades fiscalizables relacionadas con la disposici\u00f3n final de Residuos Industriales y Domiciliarios, el Superintendente sostuvo una reuni\u00f3n con representantes de la Red Ciudadana Ambiental de Osorno<\/strong><\/p>\n<p>  <!--more-->  <\/p>\n<p style=\"text-align: justify;\">&nbsp;<\/p>\n<p style=\"text-align: justify;\"><strong>Santiago, 22 de diciembre de 2017<\/strong>. Durante la ma\u00f1ana del mi\u00e9rcoles 20 de diciembre, se llev\u00f3 a cabo una visita al proyecto \u201cPlanta de Disposici\u00f3n Final de Residuos Industriales Ecoprial\u201d, ubicada en el sector de Curaco, comuna de Osorno. Cabe se\u00f1alar que el proyecto consiste en la construcci\u00f3n y operaci\u00f3n de una planta privada para la disposici\u00f3n final y tratamiento de lodos org\u00e1nicos no peligrosos provenientes de la agroindustria y de plantas de tratamiento de aguas servidas, adem\u00e1s de residuos s\u00f3lidos provenientes de mataderos de la zona. En la oportunidad, el Superintendente del Medio Ambiente, Cristi\u00e1n Franz, recorri\u00f3 la unidad fiscalizable la cual se encuentra ejecutando las acciones establecidas en el Programa de Cumplimiento que fuera aprobado por la Superintendencia y que representan una inversi\u00f3n superior a los 450 millones de pesos.<\/p>\n<p style=\"text-align: justify;\">&nbsp;<\/p>\n<p style=\"text-align: justify;\">Posteriormente, sostuvo una reuni\u00f3n con representantes de la Red Ciudadana Ambiental de Osorno en las dependencias de la Gobernaci\u00f3n Provincial quienes agradecieron la labor de la SMA, entregaron una carta que as\u00ed lo expresa y al mismo tiempo, expusieron la problem\u00e1tica de los r\u00edos Damas y Rahue en la provincia de Osorno, plantearon la necesidad de apoyar las labores de la SMA mediante sus voluntarios. Por \u00faltimo, se acord\u00f3 realizar un taller por parte de la SMA con la finalidad de dar a conocer sus procedimientos de fiscalizaci\u00f3n.<\/p>\n<p style=\"text-align: justify;\">&nbsp;<\/p>\n<p style=\"text-align: justify;\">En la jornada de ayer, jueves 21 de diciembre, el Superintendente Franz recorri\u00f3 el Relleno Sanitario la Laja que atiende a la provincia de Llanquihue, proyecto ubicado en la comuna de Puerto Varas, al cual la SMA le formul\u00f3 cargos tras detectar incumplimientos ambientales como consecuencia de actividades de fiscalizaci\u00f3n levantadas desde el a\u00f1o 2014. Como resultado de lo anterior, el titular del proyecto que en este caso corresponde a la Ilustre Municipalidad de Puerto Varas decidi\u00f3 presentar un programa de cumplimiento el que actualmente se encuentra en etapa de revisi\u00f3n por parte de la SMA.<\/p>\n<p style=\"text-align: justify;\">&nbsp;<\/p>\n<p style=\"text-align: justify;\">\u201cEs importante recordar que la SMA no s\u00f3lo fiscaliza a empresas privadas, sino tambi\u00e9n a titulares de proyectos del sector p\u00fablico, los cuales deben cumplir con sus obligaciones de la misma manera que cualquier otro titular de RCA. Lo anterior \u2013 adem\u00e1s \u2013 es particularmente importante en proyectos que dicen relaci\u00f3n con la disposici\u00f3n final de residuos y sobre los cuales como instituci\u00f3n hemos tenido una permanente fiscalizaci\u00f3n\u201d, indic\u00f3 el Superintendente.<\/p>\n","protected":false},"excerpt":{"rendered":"<p>&nbsp; Adem\u00e1s de recorrer ambas unidades fiscalizables relacionadas con la disposici\u00f3n final de Residuos Industriales y Domiciliarios, el Superintendente sostuvo una reuni\u00f3n con representantes de la Red Ciudadana Ambiental de Osorno<\/p>\n","protected":false},"author":3,"featured_media":16890,"comment_status":"open","ping_status":"open","sticky":false,"template":"","format":"standard","meta":{"footnotes":""},"categories":[94],"tags":[],"class_list":["post-16891","post","type-post","status-publish","format-standard","has-post-thumbnail","hentry","category-notas-noticias"],"_links":{"self":[{"href":"https:\/\/portal.sma.gob.cl\/index.php\/wp-json\/wp\/v2\/posts\/16891","targetHints":{"allow":["GET"]}}],"collection":[{"href":"https:\/\/portal.sma.gob.cl\/index.php\/wp-json\/wp\/v2\/posts"}],"about":[{"href":"https:\/\/portal.sma.gob.cl\/index.php\/wp-json\/wp\/v2\/types\/post"}],"author":[{"embeddable":true,"href":"https:\/\/portal.sma.gob.cl\/index.php\/wp-json\/wp\/v2\/users\/3"}],"replies":[{"embeddable":true,"href":"https:\/\/portal.sma.gob.cl\/index.php\/wp-json\/wp\/v2\/comments?post=16891"}],"version-history":[{"count":0,"href":"https:\/\/portal.sma.gob.cl\/index.php\/wp-json\/wp\/v2\/posts\/16891\/revisions"}],"wp:featuredmedia":[{"embeddable":true,"href":"https:\/\/portal.sma.gob.cl\/index.php\/wp-json\/wp\/v2\/media\/16890"}],"wp:attachment":[{"href":"https:\/\/portal.sma.gob.cl\/index.php\/wp-json\/wp\/v2\/media?parent=16891"}],"wp:term":[{"taxonomy":"category","embeddable":true,"href":"https:\/\/portal.sma.gob.cl\/index.php\/wp-json\/wp\/v2\/categories?post=16891"},{"taxonomy":"post_tag","embeddable":true,"href":"https:\/\/portal.sma.gob.cl\/index.php\/wp-json\/wp\/v2\/tags?post=16891"}],"curies":[{"name":"wp","href":"https:\/\/api.w.org\/{rel}","templated":true}]}}