{"id":16897,"date":"2018-01-19T13:01:59","date_gmt":"2018-01-19T13:01:59","guid":{"rendered":"https:\/\/portal.sma.gob.cl\/index.php\/2018\/01\/19\/division-de-sancion-y-cumplimiento-realiza-jornada-de-planificacion-2018\/"},"modified":"2019-01-03T19:02:46","modified_gmt":"2019-01-03T19:02:46","slug":"division-de-sancion-y-cumplimiento-realiza-jornada-de-planificacion-2018","status":"publish","type":"post","link":"https:\/\/portal.sma.gob.cl\/index.php\/division-de-sancion-y-cumplimiento-realiza-jornada-de-planificacion-2018\/","title":{"rendered":"Divisi\u00f3n de sanci\u00f3n y cumplimiento realiza jornada de planificaci\u00f3n 2018"},"content":{"rendered":"<p><strong>Fiscales instructores y profesionales del \u00e1rea sancionatoria de la SMA participaron en un encuentro en la Regi\u00f3n Metropolitana.<\/strong><\/p>\n<p><strong>Santiago, 17 de enero de 2018.<\/strong> Durante la ma\u00f1ana de hoy comenz\u00f3 la jornada de planificaci\u00f3n 2018 de la Divisi\u00f3n de Sanci\u00f3n y Cumplimiento de la SMA, encargada de llevar adelante los procedimientos sancionatorios del organismo, que se extender\u00e1 durante los d\u00edas 17 y 18 de enero.<\/p>\n<p>La jefa de la divisi\u00f3n, Marie Claude Plumer, dio la bienvenida a los profesionales de distintas regiones y a quienes trabajan en el nivel central, durante la primera sesi\u00f3n de la jornada. En ella, se repasaron los indicadores del a\u00f1o 2017, como tambi\u00e9n algunos casos emblem\u00e1ticos y que han dado paso a la creaci\u00f3n de est\u00e1ndares para los procesos de DSC. Asimismo, se revis\u00f3 la planificaci\u00f3n que la divisi\u00f3n tendr\u00e1 para este 2018, junto a los fiscales instructores y profesionales que forman parte del \u00e1rea sancionatoria de la SMA.<\/p>\n","protected":false},"excerpt":{"rendered":"<p>Fiscales instructores y profesionales del \u00e1rea sancionatoria de la SMA participaron en un encuentro en la Regi\u00f3n Metropolitana. Santiago, 17 de enero de 2018. Durante la ma\u00f1ana de hoy comenz\u00f3 la jornada de planificaci\u00f3n 2018 de la Divisi\u00f3n de Sanci\u00f3n y Cumplimiento de la SMA, encargada de llevar adelante los procedimientos sancionatorios del organismo, que se <a href=\"https:\/\/portal.sma.gob.cl\/index.php\/division-de-sancion-y-cumplimiento-realiza-jornada-de-planificacion-2018\/\">Leer m\u00e1s<\/a><\/p>\n","protected":false},"author":3,"featured_media":16895,"comment_status":"open","ping_status":"open","sticky":false,"template":"","format":"standard","meta":{"footnotes":""},"categories":[94],"tags":[],"class_list":["post-16897","post","type-post","status-publish","format-standard","has-post-thumbnail","hentry","category-notas-noticias"],"_links":{"self":[{"href":"https:\/\/portal.sma.gob.cl\/index.php\/wp-json\/wp\/v2\/posts\/16897","targetHints":{"allow":["GET"]}}],"collection":[{"href":"https:\/\/portal.sma.gob.cl\/index.php\/wp-json\/wp\/v2\/posts"}],"about":[{"href":"https:\/\/portal.sma.gob.cl\/index.php\/wp-json\/wp\/v2\/types\/post"}],"author":[{"embeddable":true,"href":"https:\/\/portal.sma.gob.cl\/index.php\/wp-json\/wp\/v2\/users\/3"}],"replies":[{"embeddable":true,"href":"https:\/\/portal.sma.gob.cl\/index.php\/wp-json\/wp\/v2\/comments?post=16897"}],"version-history":[{"count":1,"href":"https:\/\/portal.sma.gob.cl\/index.php\/wp-json\/wp\/v2\/posts\/16897\/revisions"}],"predecessor-version":[{"id":17500,"href":"https:\/\/portal.sma.gob.cl\/index.php\/wp-json\/wp\/v2\/posts\/16897\/revisions\/17500"}],"wp:featuredmedia":[{"embeddable":true,"href":"https:\/\/portal.sma.gob.cl\/index.php\/wp-json\/wp\/v2\/media\/16895"}],"wp:attachment":[{"href":"https:\/\/portal.sma.gob.cl\/index.php\/wp-json\/wp\/v2\/media?parent=16897"}],"wp:term":[{"taxonomy":"category","embeddable":true,"href":"https:\/\/portal.sma.gob.cl\/index.php\/wp-json\/wp\/v2\/categories?post=16897"},{"taxonomy":"post_tag","embeddable":true,"href":"https:\/\/portal.sma.gob.cl\/index.php\/wp-json\/wp\/v2\/tags?post=16897"}],"curies":[{"name":"wp","href":"https:\/\/api.w.org\/{rel}","templated":true}]}}