{"id":16901,"date":"2018-01-30T17:56:57","date_gmt":"2018-01-30T17:56:57","guid":{"rendered":"https:\/\/portal.sma.gob.cl\/index.php\/2018\/01\/30\/sma-lanza-sistema-de-monitoreo-online-para-centrales-termoelectricas\/"},"modified":"2018-01-30T17:56:57","modified_gmt":"2018-01-30T17:56:57","slug":"sma-lanza-sistema-de-monitoreo-online-para-centrales-termoelectricas","status":"publish","type":"post","link":"https:\/\/portal.sma.gob.cl\/index.php\/sma-lanza-sistema-de-monitoreo-online-para-centrales-termoelectricas\/","title":{"rendered":"SMA lanza Sistema de Monitoreo Online para Centrales Termoel\u00e9ctricas"},"content":{"rendered":"<p style=\"text-align: justify;\"><strong><img decoding=\"async\" class=\"size-auto size-full wp-image-16900\" src=\"https:\/\/portal.sma.gob.cl\/wp-content\/uploads\/2018\/01\/NOTA-TERMO.jpg\" alt=\"NOTA-TERMO\" width=\"760\" height=\"360\" srcset=\"https:\/\/portal.sma.gob.cl\/wp-content\/uploads\/2018\/01\/NOTA-TERMO-200x95.jpg 200w, https:\/\/portal.sma.gob.cl\/wp-content\/uploads\/2018\/01\/NOTA-TERMO-300x142.jpg 300w, https:\/\/portal.sma.gob.cl\/wp-content\/uploads\/2018\/01\/NOTA-TERMO-400x189.jpg 400w, https:\/\/portal.sma.gob.cl\/wp-content\/uploads\/2018\/01\/NOTA-TERMO-600x284.jpg 600w, https:\/\/portal.sma.gob.cl\/wp-content\/uploads\/2018\/01\/NOTA-TERMO.jpg 760w\" sizes=\"(max-width: 760px) 100vw, 760px\" \/><\/strong><\/p>\n<p style=\"text-align: justify;\"><strong>El Superintendente del Medio Ambiente, Cristi\u00e1n Franz, junto a los gerentes de Enel, Colb\u00fan y AES Gener, presentaron el sistema que permite recibir datos minuto a minuto respecto de las principales emisiones de algunas de sus plantas generadoras. Este sistema es voluntario y busca avanzar hacia un nuevo modelo de cumplimiento ambiental.<\/strong><\/p>\n<p>  <!--more-->  <\/p>\n<p style=\"text-align: justify;\"><strong>Santiago, 29 de enero de 2017.<\/strong> La Superintendencia del Medio Ambiente present\u00f3 hoy su nuevo Sistema de Monitoreo en L\u00ednea para Centrales Termoel\u00e9ctricas, el cual permite recibir datos minuto a minuto sobre las principales emisiones de algunas unidades de generaci\u00f3n termoel\u00e9ctrica de Enel, Colb\u00fan y AES Gener.<\/p>\n<p style=\"text-align: justify;\">El evento fue liderado por el Superintendente Cristi\u00e1n Franz, quien explic\u00f3 que \u201ceste es un importante paso para la institucionalidad ambiental y una demostraci\u00f3n m\u00e1s de que el desarrollo sustentable al que aspiramos como naci\u00f3n, s\u00f3lo se lograr\u00e1 con el concurso de los reguladores y de los regulados en un esquema de asociaci\u00f3n p\u00fablico-privada. Como instituci\u00f3n, estamos avanzando hacia una nueva estrategia de promoci\u00f3n del cumplimiento ambiental de las empresas, basado en una l\u00f3gica que se suma a la tradicional forma de fiscalizaci\u00f3n y sanci\u00f3n y a los programas de cumplimiento\u201d.<\/p>\n<p style=\"text-align: justify;\">Por su parte, el Ministro de Energ\u00eda, Andr\u00e9s Rebolledo, destac\u00f3 la importancia de esta nueva herramienta, comentando que \u201cel sector energ\u00eda, que incluye tambi\u00e9n a Transporte, explica el 77% de las emisiones de Gases de Efecto Invernadero (GEI) y las metas comprometidas por el gobierno de la Presidenta Bachelet y recogidas en el Acuerdo de Par\u00eds apuntan a que reduzcamos en 30% este aporte al 2030. Sin duda, estos sistemas de medici\u00f3n en l\u00ednea, m\u00e1s la tarea que hemos realizado incorporando m\u00e1s Energ\u00eda Renovable No convencional a la matriz, la que se ha multiplicado casi por cinco en estos a\u00f1os, nos ayudar\u00e1n a cumplir con esa tarea\u201d.<\/p>\n<p style=\"text-align: justify;\">En este caso, el Sistema de Monitoreo en L\u00ednea, es una iniciativa a la cual se adhirieron voluntariamente tres empresas generadoras. Con estas compa\u00f1\u00edas, tras un a\u00f1o de trabajo, se logr\u00f3 conectar en l\u00ednea tres de sus grandes centrales: Bocamina 2 (Enel), Santa Mar\u00eda (Colb\u00fan), ambas localizadas en la comuna de Coronel, Regi\u00f3n del Biob\u00edo, y las unidades 3 y 4 del Complejo Ventanas (AES Gener), ubicado en Puchuncav\u00ed, Regi\u00f3n de Valpara\u00edso.<\/p>\n<p style=\"text-align: justify;\">\u201cQueremos resaltar que este sistema es voluntario, y va un paso m\u00e1s all\u00e1 de la norma de termoel\u00e9ctricas, vigente desde 2013, y que hemos estado fiscalizando en estos a\u00f1os a trav\u00e9s del an\u00e1lisis y evaluaci\u00f3n anual de los reportes entregados. Debido a que la informaci\u00f3n hay que procesarla, una vez enviada, siempre hay un desfase en el chequeo de la informaci\u00f3n. Ahora, con esta conexi\u00f3n online, tenemos la oportunidad de revisar en tiempo real si existe alguna alteraci\u00f3n, anomal\u00eda o emisiones por sobre la norma, y tomar as\u00ed acciones r\u00e1pidas y oportunas, que resguarden la salud de la poblaci\u00f3n que vive en las cercan\u00edas de estas centrales. A la vez, esto es una gran oportunidad para las empresas, que se autoimponen un alto est\u00e1ndar ambiental\u201d, dijo el Superintendente Franz.<\/p>\n<p style=\"text-align: justify;\">El titular de la SMA a\u00f1adi\u00f3 que \u201ccon herramientas como esta, reforzamos sustancialmente el cumplimiento de la norma de emisi\u00f3n de termoel\u00e9ctricas al mismo tiempo que contamos con informaci\u00f3n muy clara y transparente de las emisiones de las centrales para efectos del c\u00e1lculo del impuesto verde introducido en nuestro pa\u00eds recientemente. Cuando una norma se cumple, gana el pa\u00eds y su medio ambiente, ganan las empresas que aseguran el desarrollo de sus proyectos sin contratiempos y, por supuesto, ganan los vecinos que viven cerca de estas termoel\u00e9ctricas\u201d.<\/p>\n<p style=\"text-align: justify;\">Franz agradeci\u00f3 a Enel, Colb\u00fan y AES Gener su buena disposici\u00f3n a sumarse voluntariamente a esta iniciativa lo cual las transforma en pioneras y ejemplo de un modelo de avanzada en materia de gesti\u00f3n ambiental.<\/p>\n<h2 style=\"text-align: justify;\">Caracter\u00edsticas del sistema<\/h2>\n<p style=\"text-align: justify;\">A trav\u00e9s de un software que se conecta directamente con los datos de que disponen las empresas en sus Unidades de Generaci\u00f3n, la SMA recibe en l\u00ednea la informaci\u00f3n de los principales componentes que se emiten a la atm\u00f3sfera: Material Particulado (MP); CO2, SOX, NOX.<\/p>\n<p style=\"text-align: justify;\">Para la SMA, este sistema implic\u00f3 el trabajo conjunto de equipos internos durante casi un a\u00f1o, para crear un software adecuado para la recepci\u00f3n de datos en l\u00ednea, que se expresan a trav\u00e9s de gr\u00e1ficos para una mejor comprensi\u00f3n de los mismos, junto a una georreferenciaci\u00f3n de las unidades termoel\u00e9ctricas.<\/p>\n<p style=\"text-align: justify;\">El Superintendente Franz concluy\u00f3 se\u00f1alando que \u201ceste sistema permitir\u00e1 que se sumen nuevas Unidades Generadoras a futuro, de forma voluntaria. El parque total de las instalaciones afectas a la norma de termoel\u00e9ctricas alcanza las 81 unidades y desde ya, las invitamos a todas ellas a que sigan el ejemplo pionero de estas empresas y se sumen a esta iniciativa que representa beneficios para todos\u201d.<\/p>\n<h2 style=\"text-align: justify;\">La experiencia de las empresas<\/h2>\n<p style=\"text-align: justify;\">La SMA comenz\u00f3 a trabajar hace un a\u00f1o con las empresas en este sistema. La primera en sumarse fue Enel Chile. Su gerente general, Nicola Cotugno, destac\u00f3 los avances que ha tenido el mercado de la energ\u00eda en cuanto a producci\u00f3n el\u00e9ctrica y nuevas formas de control. \u201cEstamos viviendo un cambio importante en la forma de producir energ\u00eda, con una tendencia cada vez m\u00e1s limpia y renovable, pero tambi\u00e9n con la implementaci\u00f3n de nuevas tecnolog\u00edas, como \u00e9sta, que nos permite utilizar el parque generador convencional. Estamos seguros que este modelo de informaci\u00f3n directa y permanente de nuestras emisiones ser\u00e1 la pauta que regir\u00e1 pronto a todas las empresas del rubro\u201d, coment\u00f3.<\/p>\n<p style=\"text-align: justify;\">La segunda compa\u00f1\u00eda en sumarse a la iniciativa fue Colb\u00fan. \u201cAdherimos voluntariamente a este sistema impulsado por la SMA porque entendemos que para la sociedad es importante que las empresas operemos con el mayor grado de transparencia posible. Esta iniciativa permite a la autoridad tener una mejor herramienta para desarrollar su labor fiscalizadora y da certeza a la comunidad de nuestro cumplimiento ambiental\u201d, sostuvo el gerente general de Colb\u00fan, Thomas Keller.<\/p>\n<p style=\"text-align: justify;\">Finalmente, AES Gener se sum\u00f3 recientemente a la iniciativa. Su gerente general, Javier Giorgio, afirm\u00f3: \u201cEntendemos que las comunidades, as\u00ed como tambi\u00e9n otros stakeholders, tienen requerimientos no solo de informaci\u00f3n verificable y de manera inmediata, sino que tambi\u00e9n cuenten con un marco de confianza que asegure la calidad de la informaci\u00f3n presentada. Este compromiso voluntario nos permite demostrar a la comunidad que queremos avanzar m\u00e1s all\u00e1 de lo que establece la legislaci\u00f3n y que AES Gener est\u00e1 disponible para sumarse a iniciativas que ayuden a visualizar la forma c\u00f3mo operan sus centrales en materia medioambiental\u201d.<\/p>\n","protected":false},"excerpt":{"rendered":"<p>El Superintendente del Medio Ambiente, Cristi\u00e1n Franz, junto a los gerentes de Enel, Colb\u00fan y AES Gener, presentaron el sistema que permite recibir datos minuto a minuto respecto de las principales emisiones de algunas de sus plantas generadoras. Este sistema es voluntario y busca avanzar hacia un nuevo modelo de cumplimiento ambiental.<\/p>\n","protected":false},"author":3,"featured_media":16900,"comment_status":"open","ping_status":"open","sticky":false,"template":"","format":"standard","meta":{"footnotes":""},"categories":[90],"tags":[],"class_list":["post-16901","post","type-post","status-publish","format-standard","has-post-thumbnail","hentry","category-comunicados-noticias"],"_links":{"self":[{"href":"https:\/\/portal.sma.gob.cl\/index.php\/wp-json\/wp\/v2\/posts\/16901","targetHints":{"allow":["GET"]}}],"collection":[{"href":"https:\/\/portal.sma.gob.cl\/index.php\/wp-json\/wp\/v2\/posts"}],"about":[{"href":"https:\/\/portal.sma.gob.cl\/index.php\/wp-json\/wp\/v2\/types\/post"}],"author":[{"embeddable":true,"href":"https:\/\/portal.sma.gob.cl\/index.php\/wp-json\/wp\/v2\/users\/3"}],"replies":[{"embeddable":true,"href":"https:\/\/portal.sma.gob.cl\/index.php\/wp-json\/wp\/v2\/comments?post=16901"}],"version-history":[{"count":0,"href":"https:\/\/portal.sma.gob.cl\/index.php\/wp-json\/wp\/v2\/posts\/16901\/revisions"}],"wp:featuredmedia":[{"embeddable":true,"href":"https:\/\/portal.sma.gob.cl\/index.php\/wp-json\/wp\/v2\/media\/16900"}],"wp:attachment":[{"href":"https:\/\/portal.sma.gob.cl\/index.php\/wp-json\/wp\/v2\/media?parent=16901"}],"wp:term":[{"taxonomy":"category","embeddable":true,"href":"https:\/\/portal.sma.gob.cl\/index.php\/wp-json\/wp\/v2\/categories?post=16901"},{"taxonomy":"post_tag","embeddable":true,"href":"https:\/\/portal.sma.gob.cl\/index.php\/wp-json\/wp\/v2\/tags?post=16901"}],"curies":[{"name":"wp","href":"https:\/\/api.w.org\/{rel}","templated":true}]}}