{"id":16903,"date":"2018-01-30T20:36:39","date_gmt":"2018-01-30T20:36:39","guid":{"rendered":"https:\/\/portal.sma.gob.cl\/index.php\/2018\/01\/30\/iquique-sma-despliega-sensores-para-medir-ruidos-y-olores-molestos\/"},"modified":"2018-01-30T20:36:39","modified_gmt":"2018-01-30T20:36:39","slug":"iquique-sma-despliega-sensores-para-medir-ruidos-y-olores-molestos","status":"publish","type":"post","link":"https:\/\/portal.sma.gob.cl\/index.php\/iquique-sma-despliega-sensores-para-medir-ruidos-y-olores-molestos\/","title":{"rendered":"Iquique: SMA despliega sensores para medir ruidos y olores molestos"},"content":{"rendered":"<p style=\"text-align: justify;\"><strong><img decoding=\"async\" class=\"size-auto size-full wp-image-16902\" src=\"https:\/\/portal.sma.gob.cl\/wp-content\/uploads\/2018\/01\/sensores-iquique-nota.jpg\" alt=\"sensores-iquique-nota\" width=\"760\" height=\"360\" srcset=\"https:\/\/portal.sma.gob.cl\/wp-content\/uploads\/2018\/01\/sensores-iquique-nota-200x95.jpg 200w, https:\/\/portal.sma.gob.cl\/wp-content\/uploads\/2018\/01\/sensores-iquique-nota-300x142.jpg 300w, https:\/\/portal.sma.gob.cl\/wp-content\/uploads\/2018\/01\/sensores-iquique-nota-400x189.jpg 400w, https:\/\/portal.sma.gob.cl\/wp-content\/uploads\/2018\/01\/sensores-iquique-nota-600x284.jpg 600w, https:\/\/portal.sma.gob.cl\/wp-content\/uploads\/2018\/01\/sensores-iquique-nota.jpg 760w\" sizes=\"(max-width: 760px) 100vw, 760px\" \/><\/strong><\/p>\n<p style=\"text-align: justify;\"><strong>Se inici\u00f3 una campa\u00f1a de monitoreo de variables ambientales, de acuerdo a denuncias recibidas por ruidos molestos. A la vez, de forma preventiva, se realizar\u00e1 un monitoreo de gases asociados a eventos de malos olores derivados de la industria pesquera de la ciudad.<\/strong><\/p>\n<p>  <!--more-->  <\/p>\n<p style=\"text-align: justify;\"><strong>Iquique, 30 de enero de 2018.<\/strong> La semana pasada en la ciudad de Iquique, se comenz\u00f3 a implementar una campa\u00f1a de monitoreo remoto de variables ambientales, a trav\u00e9s de sensores instalados en distintas partes del centro de la ciudad, los cuales est\u00e1n conectados a trav\u00e9s de internet con los equipos de la SMA, lo cual permitir\u00e1 ver desde computadores y celulares de los profesionales de la Superintendencia, c\u00f3mo se comportan las variables como olores y ruidos molestos.<\/p>\n<p style=\"text-align: justify;\">Respecto de los ruidos, se implementaron dos sensores de monitoreo en los domicilios de personas que ingresaron denuncias a la SMA, cuyo fin es medir los decibeles que reciben por parte de las fuentes emisoras denunciadas. Estos sensores, de \u00faltima generaci\u00f3n adquiridos por la SMA, realizar\u00e1n monitoreo de 24 horas durante al menos 15 d\u00edas corridos y reportan en forma remota los datos al computador y celular del Jefe Regional de Iquique, Boris Cerda, y a la vez podr\u00e1n ser monitoreados desde la SMA en Santiago, incluso desde el computador del Superintendente Cristi\u00e1n Franz.<\/p>\n<p style=\"text-align: justify;\">Al respecto, Cerda explica que \u201cestos sensores nos permitir\u00e1n estudiar el comportamiento de los presuntos infractores en todo momento y conocer los episodios de mayor afectaci\u00f3n de ruidos molestos, identificando las horas de mayores niveles de presi\u00f3n sonora, los d\u00edas de la semana en que se concentran, y con ello, podemos planificar actividades de fiscalizaci\u00f3n ambiental necesarias para obtener los medios de prueba respectivos, mediante un son\u00f3metro\u201d.<\/p>\n<p style=\"text-align: justify;\">Cabe destacar, que en el a\u00f1o 2017, el 60% de las denuncias recibidas por la SMA en la Regi\u00f3n de Tarapac\u00e1 se relacionan a ruidos molestos de centros de entretenci\u00f3n nocturna, gimnasios, construcciones, entre otros. En estos casos, para la instalaci\u00f3n de los sensores de ruido, los denunciantes autorizaron a la SMA para implementarlos en su domicilio, lo cual permitir\u00e1 obtener informaci\u00f3n representativa en tiempo real, sin que tengan que estar ingresando nuevas denuncias.<\/p>\n<h2 style=\"text-align: justify;\">Monitoreo de gases para identificar posibles fallas operacionales<\/h2>\n<p style=\"text-align: justify;\">En la ciudad de Iquique durante los meses de verano, suelen presentarse denuncias debido a los olores molestos asociados a las industrias de procesamiento pesquero. Si bien, durante la presente temporada estival, no se han recibido denuncias en la Oficina Regional de Tarapac\u00e1, se implementaron dos sensores de gases que miden amon\u00edaco y \u00e1cido sulfh\u00eddrico los cuales est\u00e1n vinculados a dichos episodios de olores en la ciudad de Iquique.<\/p>\n<p style=\"text-align: justify;\">\u201cEs importante se\u00f1alar que \u00e9sta es una campa\u00f1a preventiva que est\u00e1 realizando la oficina regional, debido a que en general, durante la temporada de verano, por el aumento de las temperaturas, se generan episodios de malos olores que molestan a los vecinos\u201d, explica Boris Cerda. A\u00f1ade que si bien, no existe una norma que regule los olores, mediante el sensor de gases se puede verificar la presencia de estos, lo cual permite planificar una inspecci\u00f3n y verificar el cumplimiento ambiental de las empresas, verificando si existe alguna falla operacional o desviaci\u00f3n a los compromisos ambientales.<\/p>\n<p style=\"text-align: justify;\">Esta mec\u00e1nica de trabajo, donde la fiscalizaci\u00f3n es apoyada por tecnolog\u00eda y que la SMA ha llamado \u201cFiscalizaci\u00f3n 2.0\u201d, se utiliza por primera vez en la regi\u00f3n de Tarapac\u00e1, y de los resultados que se obtengan, se evaluar\u00e1 su mantenci\u00f3n en el tiempo y aumento en cobertura en las comunas que presentan mayor complejidad ambiental.<\/p>\n","protected":false},"excerpt":{"rendered":"<p>Se inici\u00f3 una campa\u00f1a de monitoreo de variables ambientales, de acuerdo a denuncias recibidas por ruidos molestos. A la vez, de forma preventiva, se realizar\u00e1 un monitoreo de gases asociados a eventos de malos olores derivados de la industria pesquera de la ciudad.<\/p>\n","protected":false},"author":3,"featured_media":16902,"comment_status":"open","ping_status":"open","sticky":false,"template":"","format":"standard","meta":{"footnotes":""},"categories":[90],"tags":[],"class_list":["post-16903","post","type-post","status-publish","format-standard","has-post-thumbnail","hentry","category-comunicados-noticias"],"_links":{"self":[{"href":"https:\/\/portal.sma.gob.cl\/index.php\/wp-json\/wp\/v2\/posts\/16903","targetHints":{"allow":["GET"]}}],"collection":[{"href":"https:\/\/portal.sma.gob.cl\/index.php\/wp-json\/wp\/v2\/posts"}],"about":[{"href":"https:\/\/portal.sma.gob.cl\/index.php\/wp-json\/wp\/v2\/types\/post"}],"author":[{"embeddable":true,"href":"https:\/\/portal.sma.gob.cl\/index.php\/wp-json\/wp\/v2\/users\/3"}],"replies":[{"embeddable":true,"href":"https:\/\/portal.sma.gob.cl\/index.php\/wp-json\/wp\/v2\/comments?post=16903"}],"version-history":[{"count":0,"href":"https:\/\/portal.sma.gob.cl\/index.php\/wp-json\/wp\/v2\/posts\/16903\/revisions"}],"wp:featuredmedia":[{"embeddable":true,"href":"https:\/\/portal.sma.gob.cl\/index.php\/wp-json\/wp\/v2\/media\/16902"}],"wp:attachment":[{"href":"https:\/\/portal.sma.gob.cl\/index.php\/wp-json\/wp\/v2\/media?parent=16903"}],"wp:term":[{"taxonomy":"category","embeddable":true,"href":"https:\/\/portal.sma.gob.cl\/index.php\/wp-json\/wp\/v2\/categories?post=16903"},{"taxonomy":"post_tag","embeddable":true,"href":"https:\/\/portal.sma.gob.cl\/index.php\/wp-json\/wp\/v2\/tags?post=16903"}],"curies":[{"name":"wp","href":"https:\/\/api.w.org\/{rel}","templated":true}]}}