{"id":16919,"date":"2018-02-26T19:22:10","date_gmt":"2018-02-26T19:22:10","guid":{"rendered":"https:\/\/portal.sma.gob.cl\/index.php\/2018\/02\/26\/sma-presenta-publicacion-formacion-de-redes-de-trabajo-y-generacion-de-capital-humano\/"},"modified":"2018-02-26T19:22:10","modified_gmt":"2018-02-26T19:22:10","slug":"sma-presenta-publicacion-formacion-de-redes-de-trabajo-y-generacion-de-capital-humano","status":"publish","type":"post","link":"https:\/\/portal.sma.gob.cl\/index.php\/sma-presenta-publicacion-formacion-de-redes-de-trabajo-y-generacion-de-capital-humano\/","title":{"rendered":"SMA PRESENTA PUBLICACI\u00d3N: FORMACI\u00d3N DE REDES DE TRABAJO Y GENERACI\u00d3N DE CAPITAL HUMANO"},"content":{"rendered":"<p style=\"text-align: justify;\"><strong><img decoding=\"async\" class=\"size-auto size-full wp-image-16918\" src=\"https:\/\/portal.sma.gob.cl\/wp-content\/uploads\/2018\/02\/nota_publicacion.jpg\" alt=\"nota publicacion\" width=\"760\" height=\"360\" srcset=\"https:\/\/portal.sma.gob.cl\/wp-content\/uploads\/2018\/02\/nota_publicacion-200x95.jpg 200w, https:\/\/portal.sma.gob.cl\/wp-content\/uploads\/2018\/02\/nota_publicacion-300x142.jpg 300w, https:\/\/portal.sma.gob.cl\/wp-content\/uploads\/2018\/02\/nota_publicacion-400x189.jpg 400w, https:\/\/portal.sma.gob.cl\/wp-content\/uploads\/2018\/02\/nota_publicacion-600x284.jpg 600w, https:\/\/portal.sma.gob.cl\/wp-content\/uploads\/2018\/02\/nota_publicacion.jpg 760w\" sizes=\"(max-width: 760px) 100vw, 760px\" \/><\/strong><\/p>\n<p style=\"text-align: justify;\"><strong>En el documento, se detalla el trabajo realizado en estos a\u00f1os a trav\u00e9s de la Red Nacional de Fiscalizaci\u00f3n Ambiental (RENFA) y tambi\u00e9n en redes internacionales.<\/strong><\/p>\n<p>  <!--more-->  <\/p>\n<p style=\"text-align: justify;\"><strong>Santiago, 26 de febrero de 2018.<\/strong> La Superintendencia del Medio Ambiente (SMA) pone a disposici\u00f3n de la comunidad la nueva publicaci\u00f3n: \u201cFormaci\u00f3n de redes de trabajo y generaci\u00f3n de capital humano para el fortalecimiento de la fiscalizaci\u00f3n ambiental\u201d.<\/p>\n<p style=\"text-align: justify;\">Dicho documento, analiza la gesti\u00f3n de redes que se ha realizado entre 2014 y 2017. Esto, especialmente a trav\u00e9s del trabajo realizado desde agosto de 2014 con la Red Nacional de Fiscalizaci\u00f3n Ambiental (RENFA), en la cual participan 15 servicios p\u00fablicos que apoyan el rol fiscalizador de la SMA a trav\u00e9s de sus profesionales y experiencia.<br \/>El objetivo de la RENFA es crear una instancia de encuentro y colaboraci\u00f3n t\u00e9cnica entre los organismos del Estado de Chile que desarrollan actividades de fiscalizaci\u00f3n ambiental, enfoc\u00e1ndose en compartir conocimientos t\u00e9cnicos, metodolog\u00edas, procedimientos y protocolos, para lo cual, se establece la posibilidad de generar diversas instancias de encuentro e intercambio entre sus miembros.<\/p>\n<p style=\"text-align: justify;\">Entre 2014-2017, la RENFA se centr\u00f3 en tres ejes de trabajo: coordinaci\u00f3n general a trav\u00e9s de Consejos Consultivos, aspectos t\u00e9cnicos y la elaboraci\u00f3n conjunta de procedimientos o protocolos de fiscalizaci\u00f3n. A su vez, se dio un fuerte impulso a la formaci\u00f3n de competencias, con m\u00e1s de 180 actividades o talleres, en los que participaron m\u00e1s de 2.800 profesionales.<\/p>\n<p style=\"text-align: justify;\">A su vez, la SMA forma parte de la Red Latinoamericana de Fiscalizaci\u00f3n Ambiental (Red LAFICA), integrada por 14 entidades medioambientales del continente, y de la cual tuvo la presidencia pro-tempore durante 2014. Desde su conformaci\u00f3n, la REDLAFICA ha efectuado cinco reuniones de sus miembros, y 10 actividades de formaci\u00f3n de capital humano en diversas en temas de gesti\u00f3n de conflictos socio-ambientales, sistemas de informaci\u00f3n geogr\u00e1fica aplicados a la fiscalizaci\u00f3n ambiental, riesgo e indicadores ambientales, t\u00e9cnicas forenses para la determinaci\u00f3n de contaminaci\u00f3n, y fiscalizaci\u00f3n estrat\u00e9gica.<\/p>\n<p style=\"text-align: justify;\">\u201cEsta publicaci\u00f3n da cuenta de la gran labor que hemos realizado en la formaci\u00f3n de redes de trabajo, tanto a nivel nacional como internacional. Durante estos a\u00f1os hemos podido aprender de la experiencia de entidades internacionales que tienen m\u00e1s experiencia que nosotros, conociendo por ejemplo, el manejo tras el desastre ambiental que provoc\u00f3 el derrumbe del tranque de relaves de la mina Samarco de Minas Gerais en Brasil. A la vez, a nivel nacional, la RENFA nos ha permitido expandir el accionar fiscalizador e ir creando criterios generales, protocolos y est\u00e1ndares, que permiten hacer una fiscalizaci\u00f3n ambiental homog\u00e9nea en las distintas regiones del pa\u00eds\u201d, afirm\u00f3 el Superintendente, Cristi\u00e1n Franz, realizando una invitaci\u00f3n para revisar la publicaci\u00f3n de la SMA.<\/p>\n<h3 style=\"text-align: justify;\">Descargar la publicaci\u00f3n:<\/h3>\n<p style=\"text-align: justify;\">&nbsp;<a class=\"doclink\" href=\"index.php?option=com_docman&amp;task=doc_download&amp;gid=678&amp;Itemid=280\"><img decoding=\"async\" class=\" size-full wp-image-15480\" src=\"https:\/\/portal.sma.gob.cl\/wp-content\/uploads\/2012\/07\/pdf.png\" alt=\"icon\" border=\"0\" width=\"16\" height=\"16\" \/>&nbsp;Publicaci\u00f3n: Redes de trabajo y generaci\u00f3n de capital humano (2018)<\/a><\/p>\n","protected":false},"excerpt":{"rendered":"<p>En el documento, se detalla el trabajo realizado en estos a\u00f1os a trav\u00e9s de la Red Nacional de Fiscalizaci\u00f3n Ambiental (RENFA) y tambi\u00e9n en redes internacionales.<\/p>\n","protected":false},"author":3,"featured_media":16918,"comment_status":"open","ping_status":"open","sticky":false,"template":"","format":"standard","meta":{"footnotes":""},"categories":[94],"tags":[],"class_list":["post-16919","post","type-post","status-publish","format-standard","has-post-thumbnail","hentry","category-notas-noticias"],"_links":{"self":[{"href":"https:\/\/portal.sma.gob.cl\/index.php\/wp-json\/wp\/v2\/posts\/16919","targetHints":{"allow":["GET"]}}],"collection":[{"href":"https:\/\/portal.sma.gob.cl\/index.php\/wp-json\/wp\/v2\/posts"}],"about":[{"href":"https:\/\/portal.sma.gob.cl\/index.php\/wp-json\/wp\/v2\/types\/post"}],"author":[{"embeddable":true,"href":"https:\/\/portal.sma.gob.cl\/index.php\/wp-json\/wp\/v2\/users\/3"}],"replies":[{"embeddable":true,"href":"https:\/\/portal.sma.gob.cl\/index.php\/wp-json\/wp\/v2\/comments?post=16919"}],"version-history":[{"count":0,"href":"https:\/\/portal.sma.gob.cl\/index.php\/wp-json\/wp\/v2\/posts\/16919\/revisions"}],"wp:featuredmedia":[{"embeddable":true,"href":"https:\/\/portal.sma.gob.cl\/index.php\/wp-json\/wp\/v2\/media\/16918"}],"wp:attachment":[{"href":"https:\/\/portal.sma.gob.cl\/index.php\/wp-json\/wp\/v2\/media?parent=16919"}],"wp:term":[{"taxonomy":"category","embeddable":true,"href":"https:\/\/portal.sma.gob.cl\/index.php\/wp-json\/wp\/v2\/categories?post=16919"},{"taxonomy":"post_tag","embeddable":true,"href":"https:\/\/portal.sma.gob.cl\/index.php\/wp-json\/wp\/v2\/tags?post=16919"}],"curies":[{"name":"wp","href":"https:\/\/api.w.org\/{rel}","templated":true}]}}