{"id":16924,"date":"2018-03-13T19:48:10","date_gmt":"2018-03-13T19:48:10","guid":{"rendered":"https:\/\/portal.sma.gob.cl\/index.php\/2018\/03\/13\/ministra-cubillos-confirma-a-superintendente-franz-en-su-cargo\/"},"modified":"2018-03-13T19:48:10","modified_gmt":"2018-03-13T19:48:10","slug":"ministra-cubillos-confirma-a-superintendente-franz-en-su-cargo","status":"publish","type":"post","link":"https:\/\/portal.sma.gob.cl\/index.php\/ministra-cubillos-confirma-a-superintendente-franz-en-su-cargo\/","title":{"rendered":"Ministra Cubillos confirma a Superintendente Franz en su cargo"},"content":{"rendered":"<p style=\"text-align: justify;\"><strong><img decoding=\"async\" class=\"size-auto size-full wp-image-16923\" src=\"https:\/\/portal.sma.gob.cl\/wp-content\/uploads\/2018\/03\/NOTA-ministra.jpg\" alt=\"NOTA-ministra\" width=\"760\" height=\"360\" srcset=\"https:\/\/portal.sma.gob.cl\/wp-content\/uploads\/2018\/03\/NOTA-ministra-200x95.jpg 200w, https:\/\/portal.sma.gob.cl\/wp-content\/uploads\/2018\/03\/NOTA-ministra-300x142.jpg 300w, https:\/\/portal.sma.gob.cl\/wp-content\/uploads\/2018\/03\/NOTA-ministra-400x189.jpg 400w, https:\/\/portal.sma.gob.cl\/wp-content\/uploads\/2018\/03\/NOTA-ministra-600x284.jpg 600w, https:\/\/portal.sma.gob.cl\/wp-content\/uploads\/2018\/03\/NOTA-ministra.jpg 760w\" sizes=\"(max-width: 760px) 100vw, 760px\" \/><\/strong><\/p>\n<p style=\"text-align: justify;\"><strong>La titular de Medio Ambiente visit\u00f3 la SMA en compa\u00f1\u00eda del Subsecretario Rodrigo Ben\u00edtez. Ambos resaltaron el alto est\u00e1ndar de trabajo de la Superintendencia y ratificaron a su m\u00e1xima autoridad.<\/strong><\/p>\n<p>  <!--more-->  <\/p>\n<p style=\"text-align: justify;\"><strong>Santiago, 13 de marzo de 2018.<\/strong> La ministra del Medio Ambiente, Marcela Cubillos, lleg\u00f3 hasta las dependencias de la Superintendencia del Medio Ambiente (SMA) junto al subsecretario, Rodrigo Ben\u00edtez, para dar un saludo protocolar a los funcionarios que forman parte de la instituci\u00f3n.<\/p>\n<p style=\"text-align: justify;\">La ministra expres\u00f3 que \u201cnosotros, como ministerio, tenemos una muy buena evaluaci\u00f3n del trabajo de la Superintendencia del Medio Ambiente. Por lo tanto ha sido nuestra decisi\u00f3n confirmar al Superintendente en esta labor\u201d. El Superintendente Cristi\u00e1n Franz Thorud est\u00e1 a cargo de la SMA desde marzo de 2014.<\/p>\n<p style=\"text-align: justify;\">A\u00f1adi\u00f3 que \u201ctenemos una buena opini\u00f3n de la gesti\u00f3n del Superintendente y de su equipo, y quer\u00edamos venir a transmitir eso. A darles las gracias por el trabajo que hacen, son una tremenda instituci\u00f3n y pueden contar con todo el apoyo del ministerio para seguir mejorando, siempre con la independencia que corresponde, por la naturaleza de sus funciones, y tambi\u00e9n con toda la agilidad que queremos que tengan los procesos, sin alterar la certeza y la calidad del trabajo que se hace en este rubro\u201d.<\/p>\n<p style=\"text-align: justify;\">Respecto al rol de su cartera, sostuvo que \u201cvan a tener un ministerio respetuoso de la naturaleza de las funciones de la Superintendencia, y al mismo tiempo, un ministerio apoyador, porque al final entre todos los organismos que conforman la institucionalidad ambiental es que tenemos que sacar la tarea adelante&#8221;.<\/p>\n<p style=\"text-align: justify;\">En tanto, el subsecretario Ben\u00edtez afirm\u00f3: \u201cconozco el alto est\u00e1ndar que tiene la Superintendencia. Gran parte de la validaci\u00f3n de la institucionalidad ambiental tiene que ver con la acci\u00f3n de la SMA y en ese sentido, queremos darle todo el apoyo al Superintendente y a ustedes, para que se siga validando el accionar de esta instituci\u00f3n que es muy importante para el pa\u00eds. Cuenten con mi apoyo, estaremos trabajando codo a codo con la Ministra\u201d.<\/p>\n","protected":false},"excerpt":{"rendered":"<p>La titular de Medio Ambiente visit\u00f3 la SMA en compa\u00f1\u00eda del Subsecretario Rodrigo Ben\u00edtez. Ambos resaltaron el alto est\u00e1ndar de trabajo de la Superintendencia y ratificaron a su m\u00e1xima autoridad.<\/p>\n","protected":false},"author":3,"featured_media":16923,"comment_status":"open","ping_status":"open","sticky":false,"template":"","format":"standard","meta":{"footnotes":""},"categories":[90],"tags":[],"class_list":["post-16924","post","type-post","status-publish","format-standard","has-post-thumbnail","hentry","category-comunicados-noticias"],"_links":{"self":[{"href":"https:\/\/portal.sma.gob.cl\/index.php\/wp-json\/wp\/v2\/posts\/16924","targetHints":{"allow":["GET"]}}],"collection":[{"href":"https:\/\/portal.sma.gob.cl\/index.php\/wp-json\/wp\/v2\/posts"}],"about":[{"href":"https:\/\/portal.sma.gob.cl\/index.php\/wp-json\/wp\/v2\/types\/post"}],"author":[{"embeddable":true,"href":"https:\/\/portal.sma.gob.cl\/index.php\/wp-json\/wp\/v2\/users\/3"}],"replies":[{"embeddable":true,"href":"https:\/\/portal.sma.gob.cl\/index.php\/wp-json\/wp\/v2\/comments?post=16924"}],"version-history":[{"count":0,"href":"https:\/\/portal.sma.gob.cl\/index.php\/wp-json\/wp\/v2\/posts\/16924\/revisions"}],"wp:featuredmedia":[{"embeddable":true,"href":"https:\/\/portal.sma.gob.cl\/index.php\/wp-json\/wp\/v2\/media\/16923"}],"wp:attachment":[{"href":"https:\/\/portal.sma.gob.cl\/index.php\/wp-json\/wp\/v2\/media?parent=16924"}],"wp:term":[{"taxonomy":"category","embeddable":true,"href":"https:\/\/portal.sma.gob.cl\/index.php\/wp-json\/wp\/v2\/categories?post=16924"},{"taxonomy":"post_tag","embeddable":true,"href":"https:\/\/portal.sma.gob.cl\/index.php\/wp-json\/wp\/v2\/tags?post=16924"}],"curies":[{"name":"wp","href":"https:\/\/api.w.org\/{rel}","templated":true}]}}