{"id":16935,"date":"2018-04-13T13:50:22","date_gmt":"2018-04-13T13:50:22","guid":{"rendered":"https:\/\/portal.sma.gob.cl\/index.php\/2018\/04\/13\/temuco-se-inicia-proceso-de-sancion-por-ruidos-molestos-contra-gimnasio-pacific\/"},"modified":"2018-04-13T13:50:22","modified_gmt":"2018-04-13T13:50:22","slug":"temuco-se-inicia-proceso-de-sancion-por-ruidos-molestos-contra-gimnasio-pacific","status":"publish","type":"post","link":"https:\/\/portal.sma.gob.cl\/index.php\/temuco-se-inicia-proceso-de-sancion-por-ruidos-molestos-contra-gimnasio-pacific\/","title":{"rendered":"TEMUCO: Se inicia proceso de sanci\u00f3n por ruidos molestos contra gimnasio Pacific"},"content":{"rendered":"<p style=\"text-align: justify;\"><strong><img decoding=\"async\" class=\"size-auto size-full wp-image-16934\" src=\"https:\/\/portal.sma.gob.cl\/wp-content\/uploads\/2018\/04\/NOTA_PACIFIC.jpg\" alt=\"NOTA PACIFIC\" width=\"760\" height=\"360\" srcset=\"https:\/\/portal.sma.gob.cl\/wp-content\/uploads\/2018\/04\/NOTA_PACIFIC-200x95.jpg 200w, https:\/\/portal.sma.gob.cl\/wp-content\/uploads\/2018\/04\/NOTA_PACIFIC-300x142.jpg 300w, https:\/\/portal.sma.gob.cl\/wp-content\/uploads\/2018\/04\/NOTA_PACIFIC-400x189.jpg 400w, https:\/\/portal.sma.gob.cl\/wp-content\/uploads\/2018\/04\/NOTA_PACIFIC-600x284.jpg 600w, https:\/\/portal.sma.gob.cl\/wp-content\/uploads\/2018\/04\/NOTA_PACIFIC.jpg 760w\" sizes=\"(max-width: 760px) 100vw, 760px\" \/><\/strong><\/p>\n<p style=\"text-align: justify;\"><strong>La instalaci\u00f3n fue denunciada por vecinos colindantes, desde donde se realizaron mediciones que constataron la superaci\u00f3n de los l\u00edmites de la norma de emisi\u00f3n de ruidos molestos.<\/strong><\/p>\n<p>  <!--more-->  <\/p>\n<p style=\"text-align: justify;\"><strong>Temuco, 13 de abril de 2018.<\/strong> La Superintendencia del Medio Ambiente (SMA) inici\u00f3 un procedimiento sancionatorio contra sociedad Gimnasios Cordillera Limitada, titular del \u201cGimnasio Pacific Temuco\u201d, ubicado en avenida Las Encinas N\u00b0 02591 en la comuna de Temuco.<\/p>\n<p style=\"text-align: justify;\">Esto, debido a m\u00faltiples denuncias presentadas por vecinos cuyos domicilios colindan con la instalaci\u00f3n, la cual imparte clases deportivas entre las 7:00 y las 22:00 horas, utilizando m\u00fasica fuerte especialmente en las actividades que se realizan en la tarde y hasta el cierre del local.<\/p>\n<p style=\"text-align: justify;\">Tras realizar mediciones de ruido en terreno en varias oportunidades, se constataron superaciones a la Norma de Emisi\u00f3n de ruidos, especialmente en horario nocturno, el cual rige entre las 21.00 y las 7.00 horas.<\/p>\n<p style=\"text-align: justify;\">Tras esta formulaci\u00f3n, el titular del gimnasio dispone de un plazo de 15 d\u00edas para presentar descargos, o bien, 10 d\u00edas de para presentar un Programa de Cumplimiento, el cual es un plan de acciones y metas para que dentro de un plazo fijado por la Superintendencia, el titular enmiende sus problemas, realice las inversiones necesarias y vuelva a cumplir con la normativa aplicable.<\/p>\n<hr \/>\n<p>&nbsp;<\/p>\n<p>M\u00e1s informaci\u00f3n en el Sistema Nacional de Informaci\u00f3n de Fiscalizaci\u00f3n Ambiental: <a href=\"http:\/\/snifa.sma.gob.cl\/v2\/Sancionatorio\/Ficha\/1692\">http:\/\/snifa.sma.gob.cl\/v2\/Sancionatorio\/Ficha\/1692<\/a><\/p>\n","protected":false},"excerpt":{"rendered":"<p>La instalaci\u00f3n fue denunciada por vecinos colindantes, desde donde se realizaron mediciones que constataron la superaci\u00f3n de los l\u00edmites de la norma de emisi\u00f3n de ruidos molestos.<\/p>\n","protected":false},"author":3,"featured_media":16934,"comment_status":"open","ping_status":"open","sticky":false,"template":"","format":"standard","meta":{"footnotes":""},"categories":[90],"tags":[],"class_list":["post-16935","post","type-post","status-publish","format-standard","has-post-thumbnail","hentry","category-comunicados-noticias"],"_links":{"self":[{"href":"https:\/\/portal.sma.gob.cl\/index.php\/wp-json\/wp\/v2\/posts\/16935","targetHints":{"allow":["GET"]}}],"collection":[{"href":"https:\/\/portal.sma.gob.cl\/index.php\/wp-json\/wp\/v2\/posts"}],"about":[{"href":"https:\/\/portal.sma.gob.cl\/index.php\/wp-json\/wp\/v2\/types\/post"}],"author":[{"embeddable":true,"href":"https:\/\/portal.sma.gob.cl\/index.php\/wp-json\/wp\/v2\/users\/3"}],"replies":[{"embeddable":true,"href":"https:\/\/portal.sma.gob.cl\/index.php\/wp-json\/wp\/v2\/comments?post=16935"}],"version-history":[{"count":0,"href":"https:\/\/portal.sma.gob.cl\/index.php\/wp-json\/wp\/v2\/posts\/16935\/revisions"}],"wp:featuredmedia":[{"embeddable":true,"href":"https:\/\/portal.sma.gob.cl\/index.php\/wp-json\/wp\/v2\/media\/16934"}],"wp:attachment":[{"href":"https:\/\/portal.sma.gob.cl\/index.php\/wp-json\/wp\/v2\/media?parent=16935"}],"wp:term":[{"taxonomy":"category","embeddable":true,"href":"https:\/\/portal.sma.gob.cl\/index.php\/wp-json\/wp\/v2\/categories?post=16935"},{"taxonomy":"post_tag","embeddable":true,"href":"https:\/\/portal.sma.gob.cl\/index.php\/wp-json\/wp\/v2\/tags?post=16935"}],"curies":[{"name":"wp","href":"https:\/\/api.w.org\/{rel}","templated":true}]}}