{"id":16938,"date":"2018-04-16T14:06:01","date_gmt":"2018-04-16T14:06:01","guid":{"rendered":"https:\/\/portal.sma.gob.cl\/index.php\/2018\/04\/16\/sma-realiza-taller-sobre-entidades-tecnicas-de-fiscalizacion-a-sernapesca\/"},"modified":"2018-04-16T14:06:01","modified_gmt":"2018-04-16T14:06:01","slug":"sma-realiza-taller-sobre-entidades-tecnicas-de-fiscalizacion-a-sernapesca","status":"publish","type":"post","link":"https:\/\/portal.sma.gob.cl\/index.php\/sma-realiza-taller-sobre-entidades-tecnicas-de-fiscalizacion-a-sernapesca\/","title":{"rendered":"SMA realiza taller sobre Entidades T\u00e9cnicas de Fiscalizaci\u00f3n a Sernapesca"},"content":{"rendered":"<p style=\"text-align: justify;\"><strong><img decoding=\"async\" class=\"size-auto size-full wp-image-16937\" src=\"https:\/\/portal.sma.gob.cl\/wp-content\/uploads\/2018\/04\/NOTA-etfa_sernapesca.jpg\" alt=\"NOTA-etfa sernapesca\" width=\"760\" height=\"360\" srcset=\"https:\/\/portal.sma.gob.cl\/wp-content\/uploads\/2018\/04\/NOTA-etfa_sernapesca-200x95.jpg 200w, https:\/\/portal.sma.gob.cl\/wp-content\/uploads\/2018\/04\/NOTA-etfa_sernapesca-300x142.jpg 300w, https:\/\/portal.sma.gob.cl\/wp-content\/uploads\/2018\/04\/NOTA-etfa_sernapesca-400x189.jpg 400w, https:\/\/portal.sma.gob.cl\/wp-content\/uploads\/2018\/04\/NOTA-etfa_sernapesca-600x284.jpg 600w, https:\/\/portal.sma.gob.cl\/wp-content\/uploads\/2018\/04\/NOTA-etfa_sernapesca.jpg 760w\" sizes=\"(max-width: 760px) 100vw, 760px\" \/><\/strong><\/p>\n<p style=\"text-align: justify;\"><strong>La actividad se enmarca dentro del convenio de colaboraci\u00f3n establecido entre ambos organismos que forman parte de la Red Nacional de Fiscalizaci\u00f3n Ambiental.<\/strong><\/p>\n<p>  <!--more-->  <\/p>\n<p style=\"text-align: justify;\"><strong>Valpara\u00edso, 13 de abril de 2018.<\/strong> La Superintendencia del Medio Ambiente realiz\u00f3 un taller sobre Entidades T\u00e9cnicas de Fiscalizaci\u00f3n Ambiental (ETFA) a los funcionarios de Sernapesca, principalmente a los encargados regionales de este servicio.<\/p>\n<p style=\"text-align: justify;\">La capacitaci\u00f3n dur\u00f3 una jornada, y fue realizada por la Secci\u00f3n de Autorizaci\u00f3n y Seguimiento a terceros y la Fiscal\u00eda de la SMA. En ella se explicaron en detalle los campos de aplicaci\u00f3n de las ETFA, as\u00ed como el modelo de operaci\u00f3n, los requisitos de autorizaci\u00f3n como ETFA e IA, los aspectos jur\u00eddicos relevantes, los aspectos operativos, el m\u00f3dulo de seguimiento y control, entre otros temas de relevancia.<\/p>\n<p style=\"text-align: justify;\">Esta actividad se enmarc\u00f3 dentro del convenio de colaboraci\u00f3n establecido mediante la resoluci\u00f3n Exenta N\u00b0 463 del 19 de mayo del 2017, como parte de las actividades de la Red Nacional de Fiscalizaci\u00f3n Ambiental. Mediante este convenio, la SMA se comprometi\u00f3 a transferir conocimientos sobre el Sistema de Entidades T\u00e9cnicas de Fiscalizaci\u00f3n Ambiental a Sernapesca y las directrices para su fiscalizaci\u00f3n, de manera que este servicio colabore en el control de aquellas ETFA que tambi\u00e9n est\u00e9n autorizadas por Sernapesca, seg\u00fan las directrices que la SMA establezca.<\/p>\n","protected":false},"excerpt":{"rendered":"<p>La actividad se enmarca dentro del convenio de colaboraci\u00f3n establecido entre ambos organismos que forman parte de la Red Nacional de Fiscalizaci\u00f3n Ambiental.<\/p>\n","protected":false},"author":3,"featured_media":16937,"comment_status":"open","ping_status":"open","sticky":false,"template":"","format":"standard","meta":{"footnotes":""},"categories":[94],"tags":[],"class_list":["post-16938","post","type-post","status-publish","format-standard","has-post-thumbnail","hentry","category-notas-noticias"],"_links":{"self":[{"href":"https:\/\/portal.sma.gob.cl\/index.php\/wp-json\/wp\/v2\/posts\/16938","targetHints":{"allow":["GET"]}}],"collection":[{"href":"https:\/\/portal.sma.gob.cl\/index.php\/wp-json\/wp\/v2\/posts"}],"about":[{"href":"https:\/\/portal.sma.gob.cl\/index.php\/wp-json\/wp\/v2\/types\/post"}],"author":[{"embeddable":true,"href":"https:\/\/portal.sma.gob.cl\/index.php\/wp-json\/wp\/v2\/users\/3"}],"replies":[{"embeddable":true,"href":"https:\/\/portal.sma.gob.cl\/index.php\/wp-json\/wp\/v2\/comments?post=16938"}],"version-history":[{"count":0,"href":"https:\/\/portal.sma.gob.cl\/index.php\/wp-json\/wp\/v2\/posts\/16938\/revisions"}],"wp:featuredmedia":[{"embeddable":true,"href":"https:\/\/portal.sma.gob.cl\/index.php\/wp-json\/wp\/v2\/media\/16937"}],"wp:attachment":[{"href":"https:\/\/portal.sma.gob.cl\/index.php\/wp-json\/wp\/v2\/media?parent=16938"}],"wp:term":[{"taxonomy":"category","embeddable":true,"href":"https:\/\/portal.sma.gob.cl\/index.php\/wp-json\/wp\/v2\/categories?post=16938"},{"taxonomy":"post_tag","embeddable":true,"href":"https:\/\/portal.sma.gob.cl\/index.php\/wp-json\/wp\/v2\/tags?post=16938"}],"curies":[{"name":"wp","href":"https:\/\/api.w.org\/{rel}","templated":true}]}}