{"id":16943,"date":"2018-04-20T14:37:40","date_gmt":"2018-04-20T14:37:40","guid":{"rendered":"https:\/\/portal.sma.gob.cl\/index.php\/2018\/04\/20\/superintendente-franz-visita-mina-caserones-en-atacama\/"},"modified":"2018-04-20T14:37:40","modified_gmt":"2018-04-20T14:37:40","slug":"superintendente-franz-visita-mina-caserones-en-atacama","status":"publish","type":"post","link":"https:\/\/portal.sma.gob.cl\/index.php\/superintendente-franz-visita-mina-caserones-en-atacama\/","title":{"rendered":"Superintendente Franz visita mina Caserones en Atacama"},"content":{"rendered":"<p style=\"text-align: justify;\"><strong><img decoding=\"async\" class=\"size-auto size-full wp-image-16942\" src=\"https:\/\/portal.sma.gob.cl\/wp-content\/uploads\/2018\/04\/nota-caserones.jpg\" alt=\"nota-caserones\" width=\"760\" height=\"360\" srcset=\"https:\/\/portal.sma.gob.cl\/wp-content\/uploads\/2018\/04\/nota-caserones-200x95.jpg 200w, https:\/\/portal.sma.gob.cl\/wp-content\/uploads\/2018\/04\/nota-caserones-300x142.jpg 300w, https:\/\/portal.sma.gob.cl\/wp-content\/uploads\/2018\/04\/nota-caserones-400x189.jpg 400w, https:\/\/portal.sma.gob.cl\/wp-content\/uploads\/2018\/04\/nota-caserones-600x284.jpg 600w, https:\/\/portal.sma.gob.cl\/wp-content\/uploads\/2018\/04\/nota-caserones.jpg 760w\" sizes=\"(max-width: 760px) 100vw, 760px\" \/><\/strong><\/p>\n<p style=\"text-align: justify;\"><strong>Tras el derrame de lamas ocurrido el 20 de marzo en la faena ubicada en la cordillera de la regi\u00f3n de Atacama, la m\u00e1xima autoridad de la SMA recorri\u00f3 la zona para observar el cumplimiento de distintas medidas dictadas para disminuir el riesgo ambiental producto del incidente y evitar la ocurrencia de estos a futuro.<\/strong><\/p>\n<p>  <!--more-->  <\/p>\n<p style=\"text-align: justify;\"><strong>Copiap\u00f3, 19 de abril de 2018.<\/strong> El Superintendente del Medio Ambiente, Cristi\u00e1n Franz, recorri\u00f3 durante esta jornada las instalaciones de la Mina Caserones, ubicada en la zona cordillerana de la regi\u00f3n de Atacama. Acompa\u00f1ado por profesionales de la Oficina Regional de la SMA, se llev\u00f3 a cabo la visita en el marco de la vigencia de las medidas provisionales (Res. Ex. N\u00b0384) dictadas por la SMA, que el titular debe cumplir a ra\u00edz del incidente ambiental del 20 de marzo del presente donde se produjo un fuga en uno de los ductos que transporta lamas, consistentes en la fracci\u00f3n fina del relave minero.<\/p>\n<p style=\"text-align: justify;\">\u201cSe hizo un recorrido por el sector donde se produjo el derrame para observar el cumplimiento de las distintas medidas dictadas por la SMA que apuntaron a disminuir el riesgo ambiental producto del incidente y a evitar la ocurrencia de estos en el futuro\u201d, sostuvo tras el recorrido Franz.<\/p>\n<p style=\"text-align: justify;\">Adem\u00e1s el Superintendente aprovech\u00f3 de visitar el sector de Quebrada La Brea donde se encuentra el dep\u00f3sito de lamas, donde el equipo de Caserones le explic\u00f3 las acciones que est\u00e1n realizando para mantener operando este dep\u00f3sito, en especial aquellas referidas al control de infiltraciones.<\/p>\n","protected":false},"excerpt":{"rendered":"<p>Tras el derrame de lamas ocurrido el 20 de marzo en la faena ubicada en la cordillera de la regi\u00f3n de Atacama, la m\u00e1xima autoridad de la SMA recorri\u00f3 la zona para observar el cumplimiento de distintas medidas dictadas para disminuir el riesgo ambiental producto del incidente y evitar la ocurrencia de estos a futuro.<\/p>\n","protected":false},"author":3,"featured_media":16942,"comment_status":"open","ping_status":"open","sticky":false,"template":"","format":"standard","meta":{"footnotes":""},"categories":[90],"tags":[],"class_list":["post-16943","post","type-post","status-publish","format-standard","has-post-thumbnail","hentry","category-comunicados-noticias"],"_links":{"self":[{"href":"https:\/\/portal.sma.gob.cl\/index.php\/wp-json\/wp\/v2\/posts\/16943","targetHints":{"allow":["GET"]}}],"collection":[{"href":"https:\/\/portal.sma.gob.cl\/index.php\/wp-json\/wp\/v2\/posts"}],"about":[{"href":"https:\/\/portal.sma.gob.cl\/index.php\/wp-json\/wp\/v2\/types\/post"}],"author":[{"embeddable":true,"href":"https:\/\/portal.sma.gob.cl\/index.php\/wp-json\/wp\/v2\/users\/3"}],"replies":[{"embeddable":true,"href":"https:\/\/portal.sma.gob.cl\/index.php\/wp-json\/wp\/v2\/comments?post=16943"}],"version-history":[{"count":0,"href":"https:\/\/portal.sma.gob.cl\/index.php\/wp-json\/wp\/v2\/posts\/16943\/revisions"}],"wp:featuredmedia":[{"embeddable":true,"href":"https:\/\/portal.sma.gob.cl\/index.php\/wp-json\/wp\/v2\/media\/16942"}],"wp:attachment":[{"href":"https:\/\/portal.sma.gob.cl\/index.php\/wp-json\/wp\/v2\/media?parent=16943"}],"wp:term":[{"taxonomy":"category","embeddable":true,"href":"https:\/\/portal.sma.gob.cl\/index.php\/wp-json\/wp\/v2\/categories?post=16943"},{"taxonomy":"post_tag","embeddable":true,"href":"https:\/\/portal.sma.gob.cl\/index.php\/wp-json\/wp\/v2\/tags?post=16943"}],"curies":[{"name":"wp","href":"https:\/\/api.w.org\/{rel}","templated":true}]}}