{"id":16948,"date":"2018-04-20T18:02:41","date_gmt":"2018-04-20T18:02:41","guid":{"rendered":"https:\/\/portal.sma.gob.cl\/index.php\/2018\/04\/20\/sma-presentara-su-cuenta-publica-en-valparaiso\/"},"modified":"2018-04-20T18:02:41","modified_gmt":"2018-04-20T18:02:41","slug":"sma-presentara-su-cuenta-publica-en-valparaiso","status":"publish","type":"post","link":"https:\/\/portal.sma.gob.cl\/index.php\/sma-presentara-su-cuenta-publica-en-valparaiso\/","title":{"rendered":"SMA presentar\u00e1 su Cuenta P\u00fablica en Valpara\u00edso"},"content":{"rendered":"<p><strong><img decoding=\"async\" class=\"size-auto size-full wp-image-16947\" src=\"https:\/\/portal.sma.gob.cl\/wp-content\/uploads\/2018\/04\/nota_cp_2017-01.png\" alt=\"nota cp 2017-01\" width=\"760\" height=\"360\" srcset=\"https:\/\/portal.sma.gob.cl\/wp-content\/uploads\/2018\/04\/nota_cp_2017-01-200x95.png 200w, https:\/\/portal.sma.gob.cl\/wp-content\/uploads\/2018\/04\/nota_cp_2017-01-300x142.png 300w, https:\/\/portal.sma.gob.cl\/wp-content\/uploads\/2018\/04\/nota_cp_2017-01-400x189.png 400w, https:\/\/portal.sma.gob.cl\/wp-content\/uploads\/2018\/04\/nota_cp_2017-01-600x284.png 600w, https:\/\/portal.sma.gob.cl\/wp-content\/uploads\/2018\/04\/nota_cp_2017-01.png 760w\" sizes=\"(max-width: 760px) 100vw, 760px\" \/><\/strong><\/p>\n<p><strong>La Superintendencia del Medio Ambiente (SMA) llevar\u00e1 a cabo su Cuenta P\u00fablica el mi\u00e9rcoles 25 en el Sal\u00f3n de Honor de la Universidad T\u00e9cnica Federico Santa Mar\u00eda.<\/strong><\/p>\n<p>  <!--more-->  <\/p>\n<p><strong>Santiago, 20 de abril de 2018.<\/strong> La Superintendencia del Medio Ambiente (SMA) anuncia la realizaci\u00f3n de su Cuenta P\u00fablica Participativa 2017, a realizarse el d\u00eda mi\u00e9rcoles 25 de abril de 2018 a las 11:30 horas, en el sal\u00f3n de Honor de la Universidad T\u00e9cnica Federico Santa Mar\u00eda, ubicada en la comuna de Valpara\u00edso.<\/p>\n<p>Cabe recordar que la rendici\u00f3n de la Cuenta P\u00fablica anual se encuentra instaurada en el marco de la Ley 20.500 Sobre Asociaciones y Participaci\u00f3n Ciudadana en la Gesti\u00f3n P\u00fablica. Dicha Ley busca promover un modelo de gesti\u00f3n gubernamental que, inspirado en el Principio de Transparencia y el Derecho de Acceso a la Informaci\u00f3n P\u00fablica, profundice la democracia y fomente la confianza en la funci\u00f3n p\u00fablica sobre la base de la participaci\u00f3n y el control social; permitiendo una efectiva rendici\u00f3n de cuentas.<\/p>\n<p>En forma posterior al evento, se dispondr\u00e1 en la web de la Cuenta P\u00fablica y de un formulario para recibir las opiniones y preguntas de la ciudadan\u00eda.<\/p>\n<p>&nbsp;<\/p>\n","protected":false},"excerpt":{"rendered":"<p>La Superintendencia del Medio Ambiente (SMA) llevar\u00e1 a cabo su Cuenta P\u00fablica el mi\u00e9rcoles 25 en el Sal\u00f3n de Honor de la Universidad T\u00e9cnica Federico Santa Mar\u00eda.<\/p>\n","protected":false},"author":3,"featured_media":16947,"comment_status":"open","ping_status":"open","sticky":false,"template":"","format":"standard","meta":{"footnotes":""},"categories":[94],"tags":[],"class_list":["post-16948","post","type-post","status-publish","format-standard","has-post-thumbnail","hentry","category-notas-noticias"],"_links":{"self":[{"href":"https:\/\/portal.sma.gob.cl\/index.php\/wp-json\/wp\/v2\/posts\/16948","targetHints":{"allow":["GET"]}}],"collection":[{"href":"https:\/\/portal.sma.gob.cl\/index.php\/wp-json\/wp\/v2\/posts"}],"about":[{"href":"https:\/\/portal.sma.gob.cl\/index.php\/wp-json\/wp\/v2\/types\/post"}],"author":[{"embeddable":true,"href":"https:\/\/portal.sma.gob.cl\/index.php\/wp-json\/wp\/v2\/users\/3"}],"replies":[{"embeddable":true,"href":"https:\/\/portal.sma.gob.cl\/index.php\/wp-json\/wp\/v2\/comments?post=16948"}],"version-history":[{"count":0,"href":"https:\/\/portal.sma.gob.cl\/index.php\/wp-json\/wp\/v2\/posts\/16948\/revisions"}],"wp:featuredmedia":[{"embeddable":true,"href":"https:\/\/portal.sma.gob.cl\/index.php\/wp-json\/wp\/v2\/media\/16947"}],"wp:attachment":[{"href":"https:\/\/portal.sma.gob.cl\/index.php\/wp-json\/wp\/v2\/media?parent=16948"}],"wp:term":[{"taxonomy":"category","embeddable":true,"href":"https:\/\/portal.sma.gob.cl\/index.php\/wp-json\/wp\/v2\/categories?post=16948"},{"taxonomy":"post_tag","embeddable":true,"href":"https:\/\/portal.sma.gob.cl\/index.php\/wp-json\/wp\/v2\/tags?post=16948"}],"curies":[{"name":"wp","href":"https:\/\/api.w.org\/{rel}","templated":true}]}}