{"id":16955,"date":"2018-05-02T20:17:56","date_gmt":"2018-05-02T20:17:56","guid":{"rendered":"https:\/\/portal.sma.gob.cl\/index.php\/2018\/05\/02\/region-de-valparaiso-sma-inicia-proceso-de-sancion-contra-minera-cardenilla\/"},"modified":"2018-05-02T20:17:56","modified_gmt":"2018-05-02T20:17:56","slug":"region-de-valparaiso-sma-inicia-proceso-de-sancion-contra-minera-cardenilla","status":"publish","type":"post","link":"https:\/\/portal.sma.gob.cl\/index.php\/region-de-valparaiso-sma-inicia-proceso-de-sancion-contra-minera-cardenilla\/","title":{"rendered":"Regi\u00f3n de Valpara\u00edso: SMA inicia proceso de sanci\u00f3n contra minera Cardenilla"},"content":{"rendered":"<p style=\"text-align: justify;\"><img decoding=\"async\" class=\"size-auto size-full wp-image-16954\" src=\"https:\/\/portal.sma.gob.cl\/wp-content\/uploads\/2018\/05\/Cardenilla-NOTA.jpg\" alt=\"Cardenilla-NOTA\" width=\"760\" height=\"360\" srcset=\"https:\/\/portal.sma.gob.cl\/wp-content\/uploads\/2018\/05\/Cardenilla-NOTA-200x95.jpg 200w, https:\/\/portal.sma.gob.cl\/wp-content\/uploads\/2018\/05\/Cardenilla-NOTA-300x142.jpg 300w, https:\/\/portal.sma.gob.cl\/wp-content\/uploads\/2018\/05\/Cardenilla-NOTA-400x189.jpg 400w, https:\/\/portal.sma.gob.cl\/wp-content\/uploads\/2018\/05\/Cardenilla-NOTA-600x284.jpg 600w, https:\/\/portal.sma.gob.cl\/wp-content\/uploads\/2018\/05\/Cardenilla-NOTA.jpg 760w\" sizes=\"(max-width: 760px) 100vw, 760px\" \/><\/p>\n<p style=\"text-align: justify;\"><strong>La minera se ubica en la comuna de Catemu, emplazada dentro del sitio prioritario Cordillera El Mel\u00f3n, y cometi\u00f3 nueve infracciones ambientales.<\/strong><\/p>\n<p>  <!--more-->  <\/p>\n<p style=\"text-align: justify;\"><strong>Valpara\u00edso, 26 de abril de 2018.<\/strong> La Superintendencia del Medio Ambiente formul\u00f3 cargos contra Sociedad de Exploraci\u00f3n y Desarrollo Minero, titular del proyecto Mina Cardenilla, tras detectar 9 infracciones a su Resoluci\u00f3n de Calificaci\u00f3n Ambiental (RCA). Esta actividad fue fiscalizada por profesionales de la CONAF, el SAG y la SMA, todos de la regi\u00f3n de Valpara\u00edso. Las materias objeto de la fiscalizaci\u00f3n incluyeron el estado de la ejecuci\u00f3n del proyecto, estado de quebradas, de vegetaci\u00f3n nativa, de fauna silvestre, aguas lluvias, entre otros.<\/p>\n<p style=\"text-align: justify;\">Dicho proyecto se emplaza en la comuna de Catemu y extrae cobre a cielo abierto, con una producci\u00f3n autorizada de 15.000 toneladas al mes. Dicha faena se ubica dentro del sitio prioritario para la conservaci\u00f3n Cordillera El Mel\u00f3n, establecido en la Estrategia Nacional de Biodiversidad (2003).<\/p>\n<p style=\"text-align: justify;\">Entre las nueve infracciones detectadas, una se clasifica como grav\u00edsima, cinco como graves y tres como leves. Entre las principales se encuentran:<\/p>\n<p style=\"text-align: justify;\">&#8211; Ejecutar obras que constituyen cambios de consideraci\u00f3n sin someterlas al Sistema de Evaluaci\u00f3n de Impacto Ambiental, clasific\u00e1ndose como infracci\u00f3n grav\u00edsima de conformidad a la Ley, por causar da\u00f1o ambiental no susceptible de reparaci\u00f3n y constatarse efectos adversos significativos sobre los recursos naturales renovables, sitios prioritarios para la conservaci\u00f3n y el valor ambiental del sitio prioritario Cordillera El Mel\u00f3n. Se constat\u00f3 la eliminaci\u00f3n total de vegetaci\u00f3n por el aumento y extensi\u00f3n del rajo.<\/p>\n<p style=\"text-align: justify;\">-Durante la vida \u00fatil de 7 a\u00f1os del proyecto se extrajeron 1,4 millones toneladas por sobre lo autorizado en su RCA. Tras alcanzar su vida \u00fatil, en septiembre de 2016, el proyecto no finaliz\u00f3 su operaci\u00f3n y extrajo cerca de 300 mil toneladas de mineral. Esto se tradujo en una ampliaci\u00f3n progresiva de la cantera por 7,8 hect\u00e1reas por sobre lo autorizado, junto a la ejecuci\u00f3n de obras tampoco evaluadas ambientalmente.<\/p>\n<p style=\"text-align: justify;\">-No implementar una piscina de neutralizaci\u00f3n de las aguas que drenan desde el botadero de est\u00e9riles.<\/p>\n<p style=\"text-align: justify;\">-Inexistencia de plantaci\u00f3n de 490 guayacanes, comprometidos en la RCA.<\/p>\n<p style=\"text-align: justify;\">Las infracciones se califican preliminarmente como leves, graves grav\u00edsimas. Seg\u00fan lo establecido en la Ley Org\u00e1nica de la SMA, las infracciones leves pueden ser objeto de amonestaci\u00f3n o multas hasta 1.000 Unidades Tributarias Anuales (UTA). Las infracciones graves pueden ser objeto de revocaci\u00f3n de la RCA, clausura o multas por hasta 5.000 UTA; mientras que las grav\u00edsimas pueden llegar a multas por 10.000 UTA, incluyendo tambi\u00e9n revocaci\u00f3n de la RCA y clausura. Cabe mencionar que la clasificaci\u00f3n de las infracciones podr\u00e1 ser confirmada o modificada seg\u00fan avance el procedimiento sancionatorio.<\/p>\n<p style=\"text-align: justify;\">Tras esta formulaci\u00f3n, el titular de Mina Cardenilla, dispone de un plazo de 15 d\u00edas para presentar descargos, o bien, 10 d\u00edas para presentar un Programa de Cumplimiento, el cual es un plan de acciones y metas para que dentro de un plazo fijado por la Superintendencia, el titular corrija sus deficiencias, realice las inversiones necesarias y vuelva al cumplimiento de la normativa aplicable.<\/p>\n<hr \/>\n<p>&nbsp;<\/p>\n<p>M\u00e1s informaci\u00f3n del caso en el Sistema Nacional de Informaci\u00f3n de Fiscalizaci\u00f3n Ambiental (SNIFA): <a href=\"http:\/\/snifa.sma.gob.cl\/v2\/Sancionatorio\/Ficha\/1699\">http:\/\/snifa.sma.gob.cl\/v2\/Sancionatorio\/Ficha\/1699<\/a><\/p>\n","protected":false},"excerpt":{"rendered":"<p>La minera se ubica en la comuna de Catemu, emplazada dentro del sitio prioritario Cordillera El Mel\u00f3n, y cometi\u00f3 nueve infracciones ambientales.<\/p>\n","protected":false},"author":3,"featured_media":16954,"comment_status":"open","ping_status":"open","sticky":false,"template":"","format":"standard","meta":{"footnotes":""},"categories":[90],"tags":[],"class_list":["post-16955","post","type-post","status-publish","format-standard","has-post-thumbnail","hentry","category-comunicados-noticias"],"_links":{"self":[{"href":"https:\/\/portal.sma.gob.cl\/index.php\/wp-json\/wp\/v2\/posts\/16955","targetHints":{"allow":["GET"]}}],"collection":[{"href":"https:\/\/portal.sma.gob.cl\/index.php\/wp-json\/wp\/v2\/posts"}],"about":[{"href":"https:\/\/portal.sma.gob.cl\/index.php\/wp-json\/wp\/v2\/types\/post"}],"author":[{"embeddable":true,"href":"https:\/\/portal.sma.gob.cl\/index.php\/wp-json\/wp\/v2\/users\/3"}],"replies":[{"embeddable":true,"href":"https:\/\/portal.sma.gob.cl\/index.php\/wp-json\/wp\/v2\/comments?post=16955"}],"version-history":[{"count":0,"href":"https:\/\/portal.sma.gob.cl\/index.php\/wp-json\/wp\/v2\/posts\/16955\/revisions"}],"wp:featuredmedia":[{"embeddable":true,"href":"https:\/\/portal.sma.gob.cl\/index.php\/wp-json\/wp\/v2\/media\/16954"}],"wp:attachment":[{"href":"https:\/\/portal.sma.gob.cl\/index.php\/wp-json\/wp\/v2\/media?parent=16955"}],"wp:term":[{"taxonomy":"category","embeddable":true,"href":"https:\/\/portal.sma.gob.cl\/index.php\/wp-json\/wp\/v2\/categories?post=16955"},{"taxonomy":"post_tag","embeddable":true,"href":"https:\/\/portal.sma.gob.cl\/index.php\/wp-json\/wp\/v2\/tags?post=16955"}],"curies":[{"name":"wp","href":"https:\/\/api.w.org\/{rel}","templated":true}]}}