{"id":16959,"date":"2018-05-03T14:45:28","date_gmt":"2018-05-03T14:45:28","guid":{"rendered":"https:\/\/portal.sma.gob.cl\/index.php\/2018\/05\/03\/osorno-sma-convoca-a-industriales-en-taller-de-asistencia-al-cumplimiento-ambiental-del-plan-de-descontaminacion\/"},"modified":"2023-09-07T15:31:44","modified_gmt":"2023-09-07T18:31:44","slug":"osorno-sma-convoca-a-industriales-en-taller-de-asistencia-al-cumplimiento-ambiental-del-plan-de-descontaminacion","status":"publish","type":"post","link":"https:\/\/portal.sma.gob.cl\/index.php\/osorno-sma-convoca-a-industriales-en-taller-de-asistencia-al-cumplimiento-ambiental-del-plan-de-descontaminacion\/","title":{"rendered":"Osorno: SMA convoca a industriales en taller de asistencia al cumplimiento ambiental del Plan de Descontaminaci\u00f3n"},"content":{"rendered":"<p style=\"text-align: justify;\">\u00a0<img decoding=\"async\" class=\"size-auto size-full wp-image-16958\" src=\"https:\/\/portal.sma.gob.cl\/wp-content\/uploads\/2018\/05\/NOTA-PDAO.jpg\" alt=\"NOTA-PDAO\" width=\"760\" height=\"360\" srcset=\"https:\/\/portal.sma.gob.cl\/wp-content\/uploads\/2018\/05\/NOTA-PDAO-200x95.jpg 200w, https:\/\/portal.sma.gob.cl\/wp-content\/uploads\/2018\/05\/NOTA-PDAO-300x142.jpg 300w, https:\/\/portal.sma.gob.cl\/wp-content\/uploads\/2018\/05\/NOTA-PDAO-400x189.jpg 400w, https:\/\/portal.sma.gob.cl\/wp-content\/uploads\/2018\/05\/NOTA-PDAO-600x284.jpg 600w, https:\/\/portal.sma.gob.cl\/wp-content\/uploads\/2018\/05\/NOTA-PDAO.jpg 760w\" sizes=\"(max-width: 760px) 100vw, 760px\" \/><\/p>\n<p style=\"text-align: justify;\"><strong>Cerca de 25 representantes de fuentes industriales, de edificios residenciales y servicios p\u00fablicos de la Comuna de Osorno se dieron cita en un encuentro organizado por la SMA.<\/strong><\/p>\n<p><!--more--><\/p>\n<p style=\"text-align: justify;\"><strong>Osorno, 25 de Abril de 2018.<\/strong> Un exitoso taller se llev\u00f3 a cabo en la ciudad de Osorno, organizado por la Superintendencia del Medio Ambiente (SMA) para promover el cumplimiento ambiental de las fuentes fijas, en especial calderas, del sector industrial, de edificios residenciales, Organismos del Estado y Municipalidad, en el marco del Plan de Descontaminaci\u00f3n Atmosf\u00e9rico de la Comuna de Osorno.<\/p>\n<p style=\"text-align: justify;\">La jornada, realizada en la Sala de la C\u00e1mara Chilena de la Construcci\u00f3n, cont\u00f3 con la asistencia de de 25 representantes de distintos sectores, fue inaugurada por la Jefa Regional de la Oficina de Los Lagos, Ivonne Mansilla, quien dio la bienvenida a los asistentes y se\u00f1al\u00f3 la importancia que tiene el cumplimento de las medidas a que se encuentran sujetos al Plan de Descontaminaci\u00f3n Atmosf\u00e9rica, en este tercer a\u00f1o de implementaci\u00f3n. As\u00ed mismo, entre los servicios que participaron se cont\u00f3 con la presencia de funcionarios de la SEREMI del Medio Ambiente y de la SEREMI de Salud.<\/p>\n<p style=\"text-align: justify;\">La primera exposici\u00f3n a cargo de la Jefa de Oficina, se explic\u00f3 el Rol de la SMA en el marco del Plan de Descontaminaci\u00f3n Atmosf\u00e9rica de Osorno, las fiscalizaciones realizadas durante el 2017 y las medidas que ser\u00e1n fiscalizadas en este 2018. Mansilla hizo hincapi\u00e9 en \u201clas prohibiciones de chimeneas de hogar abierto en establecimientos p\u00fablicos y privados, y en la prohibici\u00f3n de la utilizaci\u00f3n de artefactos unitarios a le\u00f1a en establecimientos comerciales, en \u00f3rganos de la administraci\u00f3n del estado y edificios municipales\u201d.<\/p>\n<p style=\"text-align: justify;\">Por otra parte, Jeanette Caroca, Coordinadora de los Planes de la Descontaminaci\u00f3n Atmosf\u00e9rica de la Zona Sur de la SMA, present\u00f3 aspectos relacionados al cumplimiento de la Fiscalizaci\u00f3n y Seguimiento del Control de Emisiones tanto para actividades industriales, residenciales, comerciales e institucionales, destacando el plazo que tienen para cumplir los distintos sectores tanto para las obligaciones de informaci\u00f3n que tienen con la SMA, as\u00ed como para las mediciones de los l\u00edmites de emisi\u00f3n de Material Particulado y Di\u00f3xido de Azufre, de calderas nuevas y existentes.<\/p>\n<p style=\"text-align: justify;\">Finalmente, los asistentes realizaron consultas sobre sus obligaciones en torno a las exigencias establecidas en el plan y a su vez agradecieron la instancia de capacitaci\u00f3n para comprender a fondo las medidas que implica el PDAO.<\/p>\n<p style=\"text-align: justify;\"><strong>\u00a0<\/strong><\/p>\n","protected":false},"excerpt":{"rendered":"<p>\u00a0 Cerca de 25 representantes de fuentes industriales, de edificios residenciales y servicios p\u00fablicos de la Comuna de Osorno se dieron cita en un encuentro organizado por la SMA.<\/p>\n","protected":false},"author":3,"featured_media":16958,"comment_status":"open","ping_status":"open","sticky":false,"template":"","format":"standard","meta":{"footnotes":""},"categories":[94],"tags":[],"class_list":["post-16959","post","type-post","status-publish","format-standard","has-post-thumbnail","hentry","category-notas-noticias"],"_links":{"self":[{"href":"https:\/\/portal.sma.gob.cl\/index.php\/wp-json\/wp\/v2\/posts\/16959","targetHints":{"allow":["GET"]}}],"collection":[{"href":"https:\/\/portal.sma.gob.cl\/index.php\/wp-json\/wp\/v2\/posts"}],"about":[{"href":"https:\/\/portal.sma.gob.cl\/index.php\/wp-json\/wp\/v2\/types\/post"}],"author":[{"embeddable":true,"href":"https:\/\/portal.sma.gob.cl\/index.php\/wp-json\/wp\/v2\/users\/3"}],"replies":[{"embeddable":true,"href":"https:\/\/portal.sma.gob.cl\/index.php\/wp-json\/wp\/v2\/comments?post=16959"}],"version-history":[{"count":1,"href":"https:\/\/portal.sma.gob.cl\/index.php\/wp-json\/wp\/v2\/posts\/16959\/revisions"}],"predecessor-version":[{"id":27943,"href":"https:\/\/portal.sma.gob.cl\/index.php\/wp-json\/wp\/v2\/posts\/16959\/revisions\/27943"}],"wp:featuredmedia":[{"embeddable":true,"href":"https:\/\/portal.sma.gob.cl\/index.php\/wp-json\/wp\/v2\/media\/16958"}],"wp:attachment":[{"href":"https:\/\/portal.sma.gob.cl\/index.php\/wp-json\/wp\/v2\/media?parent=16959"}],"wp:term":[{"taxonomy":"category","embeddable":true,"href":"https:\/\/portal.sma.gob.cl\/index.php\/wp-json\/wp\/v2\/categories?post=16959"},{"taxonomy":"post_tag","embeddable":true,"href":"https:\/\/portal.sma.gob.cl\/index.php\/wp-json\/wp\/v2\/tags?post=16959"}],"curies":[{"name":"wp","href":"https:\/\/api.w.org\/{rel}","templated":true}]}}