{"id":16964,"date":"2018-05-09T14:55:28","date_gmt":"2018-05-09T14:55:28","guid":{"rendered":"https:\/\/portal.sma.gob.cl\/index.php\/2018\/05\/09\/sma-firma-convenio-de-colaboracion-con-la-municipalidad-de-san-fabian\/"},"modified":"2018-05-09T14:55:28","modified_gmt":"2018-05-09T14:55:28","slug":"sma-firma-convenio-de-colaboracion-con-la-municipalidad-de-san-fabian","status":"publish","type":"post","link":"https:\/\/portal.sma.gob.cl\/index.php\/sma-firma-convenio-de-colaboracion-con-la-municipalidad-de-san-fabian\/","title":{"rendered":"SMA firma convenio de colaboraci\u00f3n con la Municipalidad de San Fabi\u00e1n"},"content":{"rendered":"<p style=\"text-align: justify;\"><strong><img decoding=\"async\" class=\"size-auto size-full wp-image-16963\" src=\"https:\/\/portal.sma.gob.cl\/wp-content\/uploads\/2018\/05\/nota-Convenio_San_Fabi%C3%A1n.jpg\" alt=\"nota-Convenio San Fabi\u00e1n\" width=\"760\" height=\"360\" \/>El acuerdo busca entregar capacitaci\u00f3n a los funcio<strong style=\"text-align: justify;\">narios municipales en materias de medio humano, para que \u00e9sta tenga herramientas para presentar denuncias en casos de proyectos con RCA.<\/strong><\/strong><\/p>\n<p>  <!--more-->  <\/p>\n<p style=\"text-align: justify;\"><strong>Concepci\u00f3n, 3 de mayo de 2018. <\/strong>El Superintendente del Medio Ambiente, Cristi\u00e1n Franz Thorud, firm\u00f3 un convenio con el alcalde de San Fabi\u00e1n de Alico, Claudio Almuna Garrido, con el objetivo de colaborar en la capacitaci\u00f3n de funcionarios municipales en materias de medio humano, con el fin que esta posea herramientas para presentar denuncias se\u00f1alando posibles incumplimientos que puedan ocurrir mediante la ejecuci\u00f3n de proyectos con Resoluciones de Calificaci\u00f3n Ambiental (RCA).<\/p>\n<p style=\"text-align: justify;\">Dichas capacitaciones se realizar\u00e1n en la Oficina Regional de la SMA en Biob\u00edo, como tambi\u00e9n a nivel central.<\/p>\n<p style=\"text-align: justify;\">La Ley Org\u00e1nica Constitucional de Municipalidades mandata la coordinaci\u00f3n entre municipios y los servicios p\u00fablicos mediante acuerdos directos entre ellos, sin que esto implique alterar funciones y atribuciones que por ley le correspondan a cada una de las partes. En este sentido, dicho convenio permite traspasar conocimientos a los funcionarios municipales por parte de la SMA. Sin embargo, las facultades de fiscalizaci\u00f3n y sanci\u00f3n de proyectos con RCA siempre recaer\u00e1n en la Superintendencia.<\/p>\n","protected":false},"excerpt":{"rendered":"<p>El acuerdo busca entregar capacitaci\u00f3n a los funcionarios municipales en materias de medio humano, para que \u00e9sta tenga herramientas para presentar denuncias en casos de proyectos con RCA.<\/p>\n","protected":false},"author":3,"featured_media":16963,"comment_status":"open","ping_status":"open","sticky":false,"template":"","format":"standard","meta":{"footnotes":""},"categories":[94],"tags":[],"class_list":["post-16964","post","type-post","status-publish","format-standard","has-post-thumbnail","hentry","category-notas-noticias"],"_links":{"self":[{"href":"https:\/\/portal.sma.gob.cl\/index.php\/wp-json\/wp\/v2\/posts\/16964","targetHints":{"allow":["GET"]}}],"collection":[{"href":"https:\/\/portal.sma.gob.cl\/index.php\/wp-json\/wp\/v2\/posts"}],"about":[{"href":"https:\/\/portal.sma.gob.cl\/index.php\/wp-json\/wp\/v2\/types\/post"}],"author":[{"embeddable":true,"href":"https:\/\/portal.sma.gob.cl\/index.php\/wp-json\/wp\/v2\/users\/3"}],"replies":[{"embeddable":true,"href":"https:\/\/portal.sma.gob.cl\/index.php\/wp-json\/wp\/v2\/comments?post=16964"}],"version-history":[{"count":0,"href":"https:\/\/portal.sma.gob.cl\/index.php\/wp-json\/wp\/v2\/posts\/16964\/revisions"}],"wp:featuredmedia":[{"embeddable":true,"href":"https:\/\/portal.sma.gob.cl\/index.php\/wp-json\/wp\/v2\/media\/16963"}],"wp:attachment":[{"href":"https:\/\/portal.sma.gob.cl\/index.php\/wp-json\/wp\/v2\/media?parent=16964"}],"wp:term":[{"taxonomy":"category","embeddable":true,"href":"https:\/\/portal.sma.gob.cl\/index.php\/wp-json\/wp\/v2\/categories?post=16964"},{"taxonomy":"post_tag","embeddable":true,"href":"https:\/\/portal.sma.gob.cl\/index.php\/wp-json\/wp\/v2\/tags?post=16964"}],"curies":[{"name":"wp","href":"https:\/\/api.w.org\/{rel}","templated":true}]}}