{"id":16966,"date":"2018-05-09T18:32:38","date_gmt":"2018-05-09T18:32:38","guid":{"rendered":"https:\/\/portal.sma.gob.cl\/index.php\/2018\/05\/09\/sma-seminario-residuos\/"},"modified":"2018-05-09T18:32:38","modified_gmt":"2018-05-09T18:32:38","slug":"sma-seminario-residuos","status":"publish","type":"post","link":"https:\/\/portal.sma.gob.cl\/index.php\/sma-seminario-residuos\/","title":{"rendered":"SMA participa en seminario sobre residuos industriales"},"content":{"rendered":"<p style=\"text-align: justify;\"><strong><img decoding=\"async\" class=\"size-auto size-full wp-image-16965\" src=\"https:\/\/portal.sma.gob.cl\/wp-content\/uploads\/2018\/05\/nota-InduambienteOK.jpg\" alt=\"nota-InduambienteOK\" width=\"760\" height=\"360\" srcset=\"https:\/\/portal.sma.gob.cl\/wp-content\/uploads\/2018\/05\/nota-InduambienteOK-200x95.jpg 200w, https:\/\/portal.sma.gob.cl\/wp-content\/uploads\/2018\/05\/nota-InduambienteOK-300x142.jpg 300w, https:\/\/portal.sma.gob.cl\/wp-content\/uploads\/2018\/05\/nota-InduambienteOK-400x189.jpg 400w, https:\/\/portal.sma.gob.cl\/wp-content\/uploads\/2018\/05\/nota-InduambienteOK-600x284.jpg 600w, https:\/\/portal.sma.gob.cl\/wp-content\/uploads\/2018\/05\/nota-InduambienteOK.jpg 760w\" sizes=\"(max-width: 760px) 100vw, 760px\" \/><\/strong><\/p>\n<p style=\"text-align: justify;\"><strong>El jefe de la Divisi\u00f3n de Fiscalizaci\u00f3n, Rub\u00e9n Verdugo, expuso en la actividad organizada por la revista InduAmbiente.<\/strong><\/p>\n<p>  <!--more-->  <\/p>\n<p style=\"text-align: justify;\"><strong>Mi\u00e9rcoles 9 de mayo de 2018.<\/strong> Una amplia convocatoria tuvo el seminario \u201cSoluciones para Residuos Industriales \u2013 2\u00ba Ciclo\u201d, realizado el 2 de mayo. Este fue organizado por la Revista InduAmbiente con el patrocinio del Ministerio del Medio Ambiente, la Agencia de Sustentabilidad y Cambio Clim\u00e1tico, el Centro Sofofa Energ\u00eda y Medio Ambiente, la Sociedad Nacional de Miner\u00eda, el Consorcio Ingenier\u00eda 2030, la Corporaci\u00f3n de la Madera y la Asociaci\u00f3n Gremial de Industriales Qu\u00edmicos.<\/p>\n<p style=\"text-align: justify;\">En la actividad participaron autoridades y especialistas de alto nivel, como as\u00ed tambi\u00e9n profesionales de industrias que producen residuos. Los exponentes revisaron el marco regulatorio que rige en este \u00e1mbito y mostraron alternativas tecnol\u00f3gicas y soluciones para optimizar el manejo de residuos industriales, contribuyendo as\u00ed a dar mayor sustentabilidad a los procesos productivos.<\/p>\n<p style=\"text-align: justify;\">Inaugur\u00f3 el evento el Seremi de Medio Ambiente de la RM, Cristi\u00e1n Ruiz, quien afirm\u00f3 que el \u00e9nfasis ministerial este a\u00f1o estar\u00e1 puesto en la concreci\u00f3n de los reglamentos asociados a la implementaci\u00f3n de la ley REP. Asimismo, anunci\u00f3 que el 31 de mayo se conocer\u00e1n los resultados de las postulaciones al Fondo de Reciclaje, que adjudicar\u00e1 m\u00e1s de $300 millones a proyectos que fortalezcan competencias de recicladores de base y municipalidades.<\/p>\n<p style=\"text-align: justify;\">Por parte de la Superintendencia del Medio Ambiente, el Jefe de la Divisi\u00f3n de Fiscalizaci\u00f3n Rub\u00e9n Verdugo, hizo un resumen de los principales incumplimientos detectados en la gesti\u00f3n de residuos en distintos sectores productivos y las sanciones a las que se exponen. Tambi\u00e9n ahond\u00f3 en las soluciones que ofrecen los Programas de Cumplimiento, herramienta a la que pueden optar los titulares de empresa en el marco de un proceso de sanci\u00f3n, entregando orientaciones para que los industriales sepan c\u00f3mo afrontar este tipo de programas.<\/p>\n<p style=\"text-align: justify;\">Respecto a los desaf\u00edos en la materia, Verdugo concluy\u00f3: \u201clos compromisos ambientales deben constituir el piso del cumplimiento de las empresas, las cuales deben asumir una posici\u00f3n de transparencia activa y llevar el \u2018tema ambiental\u2019 a sus directorios. El Encargado Ambiental del proyecto tiene que ser siempre el primer fiscalizador. Tambi\u00e9n hay que avanzar en una fiscalizaci\u00f3n 2.0 y 3.0, con gran apoyo de la tecnolog\u00eda\u201d.<\/p>\n<hr \/>\n<p style=\"text-align: justify;\">M\u00e1s informaci\u00f3n del seminario disponible en: <a href=\"http:\/\/www.induambiente.com\/destacamos\/expertos-presentaron-soluciones-para-valorizar-residuos-industriales\">http:\/\/www.induambiente.com\/destacamos\/expertos-presentaron-soluciones-para-valorizar-residuos-industriales<\/a><\/p>\n","protected":false},"excerpt":{"rendered":"<p>El jefe de la Divisi\u00f3n de Fiscalizaci\u00f3n, Rub\u00e9n Verdugo, expuso en la actividad organizada por la revista InduAmbiente.<\/p>\n","protected":false},"author":3,"featured_media":16965,"comment_status":"open","ping_status":"open","sticky":false,"template":"","format":"standard","meta":{"footnotes":""},"categories":[94],"tags":[],"class_list":["post-16966","post","type-post","status-publish","format-standard","has-post-thumbnail","hentry","category-notas-noticias"],"_links":{"self":[{"href":"https:\/\/portal.sma.gob.cl\/index.php\/wp-json\/wp\/v2\/posts\/16966","targetHints":{"allow":["GET"]}}],"collection":[{"href":"https:\/\/portal.sma.gob.cl\/index.php\/wp-json\/wp\/v2\/posts"}],"about":[{"href":"https:\/\/portal.sma.gob.cl\/index.php\/wp-json\/wp\/v2\/types\/post"}],"author":[{"embeddable":true,"href":"https:\/\/portal.sma.gob.cl\/index.php\/wp-json\/wp\/v2\/users\/3"}],"replies":[{"embeddable":true,"href":"https:\/\/portal.sma.gob.cl\/index.php\/wp-json\/wp\/v2\/comments?post=16966"}],"version-history":[{"count":0,"href":"https:\/\/portal.sma.gob.cl\/index.php\/wp-json\/wp\/v2\/posts\/16966\/revisions"}],"wp:featuredmedia":[{"embeddable":true,"href":"https:\/\/portal.sma.gob.cl\/index.php\/wp-json\/wp\/v2\/media\/16965"}],"wp:attachment":[{"href":"https:\/\/portal.sma.gob.cl\/index.php\/wp-json\/wp\/v2\/media?parent=16966"}],"wp:term":[{"taxonomy":"category","embeddable":true,"href":"https:\/\/portal.sma.gob.cl\/index.php\/wp-json\/wp\/v2\/categories?post=16966"},{"taxonomy":"post_tag","embeddable":true,"href":"https:\/\/portal.sma.gob.cl\/index.php\/wp-json\/wp\/v2\/tags?post=16966"}],"curies":[{"name":"wp","href":"https:\/\/api.w.org\/{rel}","templated":true}]}}