{"id":16969,"date":"2018-04-25T18:18:00","date_gmt":"2018-04-25T18:18:00","guid":{"rendered":"https:\/\/portal.sma.gob.cl\/index.php\/2018\/04\/25\/sma-presenta-su-cuenta-publica-2017v2\/"},"modified":"2018-04-25T18:18:00","modified_gmt":"2018-04-25T18:18:00","slug":"sma-presenta-su-cuenta-publica-2017v2","status":"publish","type":"post","link":"https:\/\/portal.sma.gob.cl\/index.php\/sma-presenta-su-cuenta-publica-2017v2\/","title":{"rendered":"SMA presenta su Cuenta P\u00fablica 2017"},"content":{"rendered":"<p><img decoding=\"async\" class=\"size-auto size-full wp-image-16968\" src=\"https:\/\/portal.sma.gob.cl\/wp-content\/uploads\/2018\/04\/nota-cuenta-2.jpg\" alt=\"nota-cuenta-2\" width=\"760\" height=\"360\" srcset=\"https:\/\/portal.sma.gob.cl\/wp-content\/uploads\/2018\/04\/nota-cuenta-2-200x95.jpg 200w, https:\/\/portal.sma.gob.cl\/wp-content\/uploads\/2018\/04\/nota-cuenta-2-300x142.jpg 300w, https:\/\/portal.sma.gob.cl\/wp-content\/uploads\/2018\/04\/nota-cuenta-2-400x189.jpg 400w, https:\/\/portal.sma.gob.cl\/wp-content\/uploads\/2018\/04\/nota-cuenta-2-600x284.jpg 600w, https:\/\/portal.sma.gob.cl\/wp-content\/uploads\/2018\/04\/nota-cuenta-2.jpg 760w\" sizes=\"(max-width: 760px) 100vw, 760px\" \/><\/p>\n<p><strong style=\"font-size: 12.16px;\">El Superintendente del Medio Ambiente, Cristi\u00e1n Franz dio a conocer los avances y desaf\u00edos de la instituci\u00f3n en una ceremonia realizada en Valpara\u00edso.<\/strong><\/p>\n<p>  <!--more-->  <\/p>\n<p><strong style=\"font-size: 12.16px;\">Valpara\u00edso, 25 de abril de 2018.<\/strong> El Superintendente del Medio Ambiente, Cristi\u00e1n Franz present\u00f3 esta ma\u00f1ana la Cuenta P\u00fablica Participativa de la SMA. En el marco de la Ley 20.500 sobre Asociaciones y Participaci\u00f3n Ciudadana, la SMA realiza todos los a\u00f1os este evento, el cual, en esta oportunidad, se llev\u00f3 a cabo en el Sal\u00f3n de Honor de la Universidad T\u00e9cnica Federico Santa Mar\u00eda en Valpara\u00edso.<\/p>\n<p>A la actividad asistieron la Ministra del Medio Ambiente, Marcela Cubillos; el rector de la UTFSM, Darcy Fuenzalida; el ministro del Primer Tribunal Ambiental, Fabrizio Queirolo; el ministro del Tercer Tribunal Ambiental, Jorge Retamal; al igual que distintos Seremis de la regi\u00f3n de Valpara\u00edso, representantes de las fuerzas armadas y de orden, y de la sociedad civil.<\/p>\n<p>Entre las cifras destacadas de la instituci\u00f3n para el a\u00f1o 2017 est\u00e1 la generaci\u00f3n de 385 expedientes de fiscalizaci\u00f3n a Resoluciones de Calificaci\u00f3n Ambiental (RCA); 1.659 actividades relacionadas a Planes de Descontaminaci\u00f3n; casi 5 mil expedientes asociados a normas de emisi\u00f3n y 145 a normas de calidad.<\/p>\n<p>El Superintendente Franz destac\u00f3 que \u201cel 28% de las RCA aprobadas a nivel nacional han sido fiscalizadas entre 2013 y 2017. Ahora, si miramos los proyectos m\u00e1s complejos con m\u00e1s de 6 RCA por instalaci\u00f3n, hemos fiscalizado un 74% de ellos, lo cual es un tremendo logro a nivel institucional\u201d.<\/p>\n<p>En tanto, 1.043 expedientes de fiscalizaci\u00f3n fueron analizados por la Divisi\u00f3n de Sanciones de la SMA, los cuales derivaron 964 en formulaciones de cargos, 25 en actividades en curso y 54 en archivo porque no se configur\u00f3 el m\u00e9rito sancionatorio. As\u00ed, finalmente el a\u00f1o 2017 se iniciaron 161 procedimientos sancionatorios.<\/p>\n<p>\u201cCabe se\u00f1alar que el 50% de los casos sancionatorios se inicia por denuncias\u201d, destac\u00f3 el Superintendente, explicando que los sectores con m\u00e1s procesos de este tipo son las agroindustrias, discotecas, equipamiento y saneamiento ambiental. \u201cEsto, se relaciona con el alto n\u00famero de denuncias por ruidos molestos que recibimos, las cuales concentran casi la mitad de las 1.500 denuncias que recibimos al a\u00f1o en la SMA\u201d, afirm\u00f3.<\/p>\n<p>Profundizando en el tema, el Superintendente Franz, coment\u00f3 que \u201ctodo lo que tiene que ver con la fiscalizaci\u00f3n y sanci\u00f3n de ruidos debe ser traspasado a los Municipios, liberando as\u00ed los limitados recursos con que cuenta la instituci\u00f3n de manera de poder dirigirlos a los proyectos y actividades industriales de tama\u00f1o medio hacia arriba, restituyendo as\u00ed el esp\u00edritu y sentido de la ley que cre\u00f3 la SMA.<\/p>\n<h2><strong>Programas de Cumplimiento triplican a las sanciones<\/strong><\/h2>\n<p>Asimismo, Franz hizo un repaso a las opciones con que cuenta un titular una vez que se ha iniciado el proceso sancionatorio. Una opci\u00f3n es presentar descargos hasta que finalice el proceso con una resoluci\u00f3n. Estos casos suman multas por US$63 millones entre 2014 y 2017. En tanto, la otra opci\u00f3n, que consiste en la presentaci\u00f3n de Programas de Cumplimiento, que obligan a la ejecuci\u00f3n de acciones que corrijan los incumplimientos, suman US$ 193 millones en inversi\u00f3n para el mismo per\u00edodo.<\/p>\n<p>En materia de transparencia, m\u00e1s de 800 solicitudes se procesaron en el nivel central en 2017 en un promedio de 12 d\u00edas, mientras que en las oficinas regionales de la SMA se atendieron a 640 personas y se ejecutaron m\u00e1s de mil atenciones telef\u00f3nicas. Tambi\u00e9n destacan los sistemas web de la SMA, donde el Sistema Nacional de Informaci\u00f3n de Fiscalizaci\u00f3n Ambiental (SNIFA) recibi\u00f3 casi un mill\u00f3n de visitas el a\u00f1o pasado.<\/p>\n<p>El Superintendente tambi\u00e9n destac\u00f3 que en la SMA hay paridad de g\u00e9nero hace casi tres a\u00f1os, con un n\u00famero igual de funcionarias y funcionarios a cargo de velar por el cumplimiento ambiental. Tambi\u00e9n resalt\u00f3 que la instituci\u00f3n ha tenido un crecimiento sostenido, alcanzando las 212 personas en total el a\u00f1o 2017, distribuidos en todo el pa\u00eds en 12 oficinas ya instaladas.<\/p>\n<p>Dentro de los m\u00faltiples desaf\u00edos que enfrenta la instituci\u00f3n, el Superintendente destac\u00f3 que este a\u00f1o la consolidaci\u00f3n de la instituci\u00f3n llegar\u00e1 con la apertura de las tres \u00faltimas oficinas faltantes en el territorio, las cuales se instalar\u00e1n en Arica y Parinacota, La Araucan\u00eda y Magallanes. \u201cTerminamos as\u00ed este a\u00f1o, con el compromiso que adquirimos en 2014, dejando instalada la SMA en todo el territorio nacional, acercando as\u00ed la protecci\u00f3n ambiental a todos los ciudadanos\u201d, afirm\u00f3 Franz.<\/p>\n<p><strong>Documentos descargables<\/strong><\/p>\n<p>&nbsp;<a class=\"doclink\" href=\"index.php?option=com_docman&amp;task=doc_download&amp;gid=688&amp;Itemid=280\"><img decoding=\"async\" class=\" size-full wp-image-15480\" src=\"https:\/\/portal.sma.gob.cl\/wp-content\/uploads\/2012\/07\/pdf.png\" alt=\"icon\" border=\"0\" width=\"16\" height=\"16\" \/>&nbsp;Cuenta P\u00fablica 2017<\/a><\/p>\n<p style=\"text-align: justify;\"><strong>Encuesta participativa<\/strong><\/p>\n<p style=\"text-align: justify;\">A partir de hoy, 25 de abril de 2017, se pone a disposici\u00f3n de la ciudadan\u00eda, la siguiente encuesta:&nbsp;<a href=\"https:\/\/goo.gl\/forms\/fbd2MMs3D8uswtkD3\">https:\/\/goo.gl\/forms\/fbd2MMs3D8uswtkD3<\/a><\/p>\n<p style=\"text-align: justify;\">Dicho formulario estar\u00e1 disponible los pr\u00f3ximos 15 d\u00edas.<\/p>\n<p style=\"text-align: justify;\">&nbsp;<\/p>\n<p style=\"text-align: justify;\">[widgetkit id=71]<\/p>\n","protected":false},"excerpt":{"rendered":"<p>El Superintendente del Medio Ambiente, Cristi\u00e1n Franz dio a conocer los avances y desaf\u00edos de la instituci\u00f3n en una ceremonia realizada en Valpara\u00edso.<\/p>\n","protected":false},"author":3,"featured_media":16967,"comment_status":"open","ping_status":"open","sticky":false,"template":"","format":"standard","meta":{"footnotes":""},"categories":[90],"tags":[],"class_list":["post-16969","post","type-post","status-publish","format-standard","has-post-thumbnail","hentry","category-comunicados-noticias"],"_links":{"self":[{"href":"https:\/\/portal.sma.gob.cl\/index.php\/wp-json\/wp\/v2\/posts\/16969","targetHints":{"allow":["GET"]}}],"collection":[{"href":"https:\/\/portal.sma.gob.cl\/index.php\/wp-json\/wp\/v2\/posts"}],"about":[{"href":"https:\/\/portal.sma.gob.cl\/index.php\/wp-json\/wp\/v2\/types\/post"}],"author":[{"embeddable":true,"href":"https:\/\/portal.sma.gob.cl\/index.php\/wp-json\/wp\/v2\/users\/3"}],"replies":[{"embeddable":true,"href":"https:\/\/portal.sma.gob.cl\/index.php\/wp-json\/wp\/v2\/comments?post=16969"}],"version-history":[{"count":0,"href":"https:\/\/portal.sma.gob.cl\/index.php\/wp-json\/wp\/v2\/posts\/16969\/revisions"}],"wp:featuredmedia":[{"embeddable":true,"href":"https:\/\/portal.sma.gob.cl\/index.php\/wp-json\/wp\/v2\/media\/16967"}],"wp:attachment":[{"href":"https:\/\/portal.sma.gob.cl\/index.php\/wp-json\/wp\/v2\/media?parent=16969"}],"wp:term":[{"taxonomy":"category","embeddable":true,"href":"https:\/\/portal.sma.gob.cl\/index.php\/wp-json\/wp\/v2\/categories?post=16969"},{"taxonomy":"post_tag","embeddable":true,"href":"https:\/\/portal.sma.gob.cl\/index.php\/wp-json\/wp\/v2\/tags?post=16969"}],"curies":[{"name":"wp","href":"https:\/\/api.w.org\/{rel}","templated":true}]}}