{"id":16971,"date":"2018-05-14T18:34:28","date_gmt":"2018-05-14T18:34:28","guid":{"rendered":"https:\/\/portal.sma.gob.cl\/index.php\/2018\/05\/14\/8-consejo-consultivo-renfa\/"},"modified":"2018-05-14T18:34:28","modified_gmt":"2018-05-14T18:34:28","slug":"8-consejo-consultivo-renfa","status":"publish","type":"post","link":"https:\/\/portal.sma.gob.cl\/index.php\/8-consejo-consultivo-renfa\/","title":{"rendered":"8\u00b0 Consejo consultivo RENFA"},"content":{"rendered":"<p style=\"text-align: justify;\"><strong><img decoding=\"async\" class=\"size-auto size-full wp-image-16970\" src=\"https:\/\/portal.sma.gob.cl\/wp-content\/uploads\/2018\/05\/nota-RENFAOK.jpg\" alt=\"nota-RENFAOK\" width=\"760\" height=\"360\" srcset=\"https:\/\/portal.sma.gob.cl\/wp-content\/uploads\/2018\/05\/nota-RENFAOK-200x95.jpg 200w, https:\/\/portal.sma.gob.cl\/wp-content\/uploads\/2018\/05\/nota-RENFAOK-300x142.jpg 300w, https:\/\/portal.sma.gob.cl\/wp-content\/uploads\/2018\/05\/nota-RENFAOK-400x189.jpg 400w, https:\/\/portal.sma.gob.cl\/wp-content\/uploads\/2018\/05\/nota-RENFAOK-600x284.jpg 600w, https:\/\/portal.sma.gob.cl\/wp-content\/uploads\/2018\/05\/nota-RENFAOK.jpg 760w\" sizes=\"(max-width: 760px) 100vw, 760px\" \/><\/strong><\/p>\n<p style=\"text-align: justify;\"><strong>La reuni\u00f3n, encabezada por el Superintendente Franz, revis\u00f3 el estado de avance del Plan de Trabajo Plurianual 2017-2013. Adem\u00e1s, todos los miembros de la RENFA aceptaron la incorporaci\u00f3n de la DGAC a la red.<\/strong><\/p>\n<p>  <!--more-->  <\/p>\n<p style=\"text-align: justify;\"><strong>Santiago, 11 de mayo de 2018.<\/strong> El jueves 10 de mayo, y encabezado por el Superintendente Cristi\u00e1n Franz, se llev\u00f3 a cabo el 8\u00b0 Consejo consultivo de la RENFA, instancia que cont\u00f3 con la participaci\u00f3n de los 16 organismos sectoriales que la conforman, en donde se dio cuenta de los resultados de las actividades de fiscalizaci\u00f3n ejecutadas el a\u00f1o 2017, as\u00ed como de las gestiones en materias de sancionatorio y denuncias, y se present\u00f3 el estado de avance general del \u201cPlan de trabajo Plurianual 2017-2023\u201d.<\/p>\n<p style=\"text-align: justify;\">Entre los hitos relevantes de la reuni\u00f3n, se cuentan la aceptaci\u00f3n por parte de todos los miembros de la inclusi\u00f3n de la Direcci\u00f3n General de Aeron\u00e1utica Civil (DGAC) como miembro de la red, situaci\u00f3n que fue agradecida por el equipo de profesionales representantes de dicha instituci\u00f3n, liderados por el Coronel de Aviaci\u00f3n German Olave D\u00edaz.<\/p>\n<p style=\"text-align: justify;\">\u201cPara la Superintendencia, estas instancias de trabajo, donde nos congregamos todos los miembros de la Red, son sumamente importantes y nos permiten dar continuidad al trabajo de fiscalizaci\u00f3n ambiental a trav\u00e9s de los a\u00f1os. Celebramos adem\u00e1s en esta reuni\u00f3n la incorporaci\u00f3n de la DGAC, por lo que aprovecho de agradecer a su Coronel Olave la participaci\u00f3n en esta octava sesi\u00f3n de trabajo\u201d, dijo el Superintendente, Cristi\u00e1n Franz.<\/p>\n<p style=\"text-align: justify;\">Otras materias que fueron planteadas en el Consejo fue la necesidad de generar los mecanismos de retroalimentaci\u00f3n al Sistema de Evaluaci\u00f3n de Impacto Ambiental, la inclusi\u00f3n de glosas presupuestarias sectoriales exclusivas para efectos de ejecuci\u00f3n de fiscalizaciones ambientales encomendadas por la SMA, y la necesidad de continuar con el trabajo de elaboraci\u00f3n de protocolos bi-partitos con algunos organismos, tales como CONAF, SEC, SERNAGEOMIN y CMN.<br \/>El Consejo Consultivo sesiona dos veces en el a\u00f1o, siendo el pr\u00f3ximo en el mes de diciembre de 2018.<\/p>\n","protected":false},"excerpt":{"rendered":"<p>La reuni\u00f3n, encabezada por el Superintendente Franz, revis\u00f3 el estado de avance del Plan de Trabajo Plurianual 2017-2013. Adem\u00e1s, todos los miembros de la RENFA aceptaron la incorporaci\u00f3n de la DGAC a la red.<\/p>\n","protected":false},"author":3,"featured_media":16970,"comment_status":"open","ping_status":"open","sticky":false,"template":"","format":"standard","meta":{"footnotes":""},"categories":[94],"tags":[],"class_list":["post-16971","post","type-post","status-publish","format-standard","has-post-thumbnail","hentry","category-notas-noticias"],"_links":{"self":[{"href":"https:\/\/portal.sma.gob.cl\/index.php\/wp-json\/wp\/v2\/posts\/16971","targetHints":{"allow":["GET"]}}],"collection":[{"href":"https:\/\/portal.sma.gob.cl\/index.php\/wp-json\/wp\/v2\/posts"}],"about":[{"href":"https:\/\/portal.sma.gob.cl\/index.php\/wp-json\/wp\/v2\/types\/post"}],"author":[{"embeddable":true,"href":"https:\/\/portal.sma.gob.cl\/index.php\/wp-json\/wp\/v2\/users\/3"}],"replies":[{"embeddable":true,"href":"https:\/\/portal.sma.gob.cl\/index.php\/wp-json\/wp\/v2\/comments?post=16971"}],"version-history":[{"count":0,"href":"https:\/\/portal.sma.gob.cl\/index.php\/wp-json\/wp\/v2\/posts\/16971\/revisions"}],"wp:featuredmedia":[{"embeddable":true,"href":"https:\/\/portal.sma.gob.cl\/index.php\/wp-json\/wp\/v2\/media\/16970"}],"wp:attachment":[{"href":"https:\/\/portal.sma.gob.cl\/index.php\/wp-json\/wp\/v2\/media?parent=16971"}],"wp:term":[{"taxonomy":"category","embeddable":true,"href":"https:\/\/portal.sma.gob.cl\/index.php\/wp-json\/wp\/v2\/categories?post=16971"},{"taxonomy":"post_tag","embeddable":true,"href":"https:\/\/portal.sma.gob.cl\/index.php\/wp-json\/wp\/v2\/tags?post=16971"}],"curies":[{"name":"wp","href":"https:\/\/api.w.org\/{rel}","templated":true}]}}