{"id":16976,"date":"2018-05-15T19:39:35","date_gmt":"2018-05-15T19:39:35","guid":{"rendered":"https:\/\/portal.sma.gob.cl\/index.php\/2018\/05\/15\/sma-inaugura-oficina-regional-de-magallanes\/"},"modified":"2018-05-15T19:39:35","modified_gmt":"2018-05-15T19:39:35","slug":"sma-inaugura-oficina-regional-de-magallanes","status":"publish","type":"post","link":"https:\/\/portal.sma.gob.cl\/index.php\/sma-inaugura-oficina-regional-de-magallanes\/","title":{"rendered":"SMA inaugura oficina regional de Magallanes"},"content":{"rendered":"<p style=\"text-align: justify;\"><strong><img decoding=\"async\" class=\"size-auto size-full wp-image-16975\" src=\"https:\/\/portal.sma.gob.cl\/wp-content\/uploads\/2018\/05\/nota-Inauguraci%C3%B3nPta_Arenas.jpg\" alt=\"nota-Inauguraci\u00f3nPta Arenas\" width=\"760\" height=\"360\" \/><\/strong><\/p>\n<p style=\"text-align: justify;\"><strong>Esta es la apertura de la oficina n\u00famero 13 de la SMA a nivel nacional. Con esto, mejorar\u00e1 la cobertura de las operaciones de la Superintendencia en la regi\u00f3n m\u00e1s austral del pa\u00eds.<\/strong><\/p>\n<p>  <!--more-->  <\/p>\n<p style=\"text-align: justify;\"><strong>Punta Arenas, 15 de mayo de 2018.<\/strong> El Superintendente del Medio Ambiente, Cristi\u00e1n Franz, inaugur\u00f3 esta ma\u00f1ana la d\u00e9cimo tercera oficina regional de la Superintendencia del Medio Ambiente en Punta Arenas, capital de la Regi\u00f3n de Magallanes y la Ant\u00e1rtica Chilena.<\/p>\n<p style=\"text-align: justify;\">A la ceremonia asisti\u00f3 el Intendente de Magallanes, Christian Matheson; la Seremi de Gobierno, Yanira Lara; el Seremi de Medio Ambiente, Eduardo Schiappacasse; la Seremi de Salud, Mariela Rojas; el Seremi de Miner\u00eda, Carlos Quezada; el Seremi de Energ\u00eda, Nolberto S\u00e1ez; as\u00ed como tambi\u00e9n directores de servicios p\u00fablicos de la regi\u00f3n, representantes de las Fuerzas Armadas y de la ciudadan\u00eda.<\/p>\n<p style=\"text-align: justify;\">\u201cHoy estamos dando un gran paso para nuestra instituci\u00f3n y un gran paso para esta Regi\u00f3n, materializando el compromiso que tenemos como Superintendencia del Medio Ambiente, que es la instalaci\u00f3n de oficinas en todas las regiones del pa\u00eds\u201d, dijo Franz al inaugurar el evento.<\/p>\n<p style=\"text-align: justify;\">El Superintendente a\u00f1adi\u00f3 que si bien la SMA opera desde 2013, antes no contaba con un equipo de trabajo en la zona, sino con un fiscalizador. \u201cUna oficina en la regi\u00f3n les permite a los vecinos de Punta Arenas, Puerto Natales o sus alrededores acercarse a la SMA, no s\u00f3lo a hacer denuncias, sino a informarse de nuestro actuar fiscalizador y sancionador. Obviamente, tambi\u00e9n es un lugar donde empresas y sus representantes encontrar\u00e1n asistencia al cumplimiento\u201d, expres\u00f3 Franz.<\/p>\n<p style=\"text-align: justify;\">En la oportunidad, se present\u00f3 a Andy Morrison, el nuevo jefe de la oficina regional. Morrison se desempe\u00f1aba como fiscalizador regional desde 2011, es ingeniero civil ambiental de la Universidad de Playa Ancha, con mag\u00edster en Gesti\u00f3n de Organizaciones y diplomado en gesti\u00f3n ambiental. La nueva oficina adem\u00e1s estar\u00e1 conformada por fiscalizadores y una administrativo. La direcci\u00f3n de las dependencias de la SMA es Calle Angamos N\u00b0 610, Punta Arenas.<\/p>\n<p style=\"text-align: justify;\">Cabe recordar que la SMA es el organismo encargado de la fiscalizaci\u00f3n y sanci\u00f3n ambiental respecto de las Resoluciones de Calificaci\u00f3n Ambiental, las Normas de Emisi\u00f3n, Normas de Calidad y Planes de Descontaminaci\u00f3n.<\/p>\n","protected":false},"excerpt":{"rendered":"<p>Esta es la apertura de la oficina n\u00famero 13 de la SMA a nivel nacional. Con esto, mejorar\u00e1 la cobertura de las operaciones de la Superintendencia en la regi\u00f3n m\u00e1s austral del pa\u00eds.<\/p>\n","protected":false},"author":3,"featured_media":16975,"comment_status":"open","ping_status":"open","sticky":false,"template":"","format":"standard","meta":{"footnotes":""},"categories":[90],"tags":[],"class_list":["post-16976","post","type-post","status-publish","format-standard","has-post-thumbnail","hentry","category-comunicados-noticias"],"_links":{"self":[{"href":"https:\/\/portal.sma.gob.cl\/index.php\/wp-json\/wp\/v2\/posts\/16976","targetHints":{"allow":["GET"]}}],"collection":[{"href":"https:\/\/portal.sma.gob.cl\/index.php\/wp-json\/wp\/v2\/posts"}],"about":[{"href":"https:\/\/portal.sma.gob.cl\/index.php\/wp-json\/wp\/v2\/types\/post"}],"author":[{"embeddable":true,"href":"https:\/\/portal.sma.gob.cl\/index.php\/wp-json\/wp\/v2\/users\/3"}],"replies":[{"embeddable":true,"href":"https:\/\/portal.sma.gob.cl\/index.php\/wp-json\/wp\/v2\/comments?post=16976"}],"version-history":[{"count":0,"href":"https:\/\/portal.sma.gob.cl\/index.php\/wp-json\/wp\/v2\/posts\/16976\/revisions"}],"wp:featuredmedia":[{"embeddable":true,"href":"https:\/\/portal.sma.gob.cl\/index.php\/wp-json\/wp\/v2\/media\/16975"}],"wp:attachment":[{"href":"https:\/\/portal.sma.gob.cl\/index.php\/wp-json\/wp\/v2\/media?parent=16976"}],"wp:term":[{"taxonomy":"category","embeddable":true,"href":"https:\/\/portal.sma.gob.cl\/index.php\/wp-json\/wp\/v2\/categories?post=16976"},{"taxonomy":"post_tag","embeddable":true,"href":"https:\/\/portal.sma.gob.cl\/index.php\/wp-json\/wp\/v2\/tags?post=16976"}],"curies":[{"name":"wp","href":"https:\/\/api.w.org\/{rel}","templated":true}]}}