{"id":16978,"date":"2018-05-17T15:14:46","date_gmt":"2018-05-17T15:14:46","guid":{"rendered":"https:\/\/portal.sma.gob.cl\/index.php\/2018\/05\/17\/superintendencia-del-medio-ambiente-fiscalizo-estaciones-de-monitoreo-de-la-calidad-del-aire-de-calama\/"},"modified":"2018-05-17T15:14:46","modified_gmt":"2018-05-17T15:14:46","slug":"superintendencia-del-medio-ambiente-fiscalizo-estaciones-de-monitoreo-de-la-calidad-del-aire-de-calama","status":"publish","type":"post","link":"https:\/\/portal.sma.gob.cl\/index.php\/superintendencia-del-medio-ambiente-fiscalizo-estaciones-de-monitoreo-de-la-calidad-del-aire-de-calama\/","title":{"rendered":"Superintendencia del Medio Ambiente fiscaliz\u00f3 estaciones de monitoreo de la calidad del aire de Calama"},"content":{"rendered":"<p style=\"text-align: justify;\">&nbsp;<img decoding=\"async\" class=\"size-auto size-full wp-image-16977\" src=\"https:\/\/portal.sma.gob.cl\/wp-content\/uploads\/2018\/05\/NOTA-Calama.jpg\" alt=\"NOTA-Calama\" width=\"760\" height=\"360\" srcset=\"https:\/\/portal.sma.gob.cl\/wp-content\/uploads\/2018\/05\/NOTA-Calama-200x95.jpg 200w, https:\/\/portal.sma.gob.cl\/wp-content\/uploads\/2018\/05\/NOTA-Calama-300x142.jpg 300w, https:\/\/portal.sma.gob.cl\/wp-content\/uploads\/2018\/05\/NOTA-Calama-400x189.jpg 400w, https:\/\/portal.sma.gob.cl\/wp-content\/uploads\/2018\/05\/NOTA-Calama-600x284.jpg 600w, https:\/\/portal.sma.gob.cl\/wp-content\/uploads\/2018\/05\/NOTA-Calama.jpg 760w\" sizes=\"(max-width: 760px) 100vw, 760px\" \/><\/p>\n<p style=\"text-align: justify;\"><strong>Visita inspectiva cont\u00f3 tambi\u00e9n con la participaci\u00f3n de la seremi del Medio Ambiente, Visnja Music y de dos representantes del Comit\u00e9 Operativo Ampliado del Plan de Descontaminaci\u00f3n Atmosf\u00e9rica.<\/strong><\/p>\n<p>  <!--more-->  <\/p>\n<p style=\"text-align: justify;\"><strong>Calama, 15 de mayo de 2018.<\/strong> La Superintendencia del Medio Ambiente (SMA) realiz\u00f3 una visita de fiscalizaci\u00f3n a las estaciones de monitoreo de la calidad del aire de Calama, que cont\u00f3 con la participaci\u00f3n, por primera vez en el pa\u00eds, de dos representantes del Comit\u00e9 Operativo Ampliado (COA) del Plan de Descontaminaci\u00f3n Atmosf\u00e9rica de la ciudad.<\/p>\n<p style=\"text-align: justify;\">Seg\u00fan explic\u00f3 el jefe de fiscalizaci\u00f3n de la SMA, Rub\u00e9n Verdugo, la visita a la que tambi\u00e9n se sum\u00f3 la seremi del Medio Ambiente, Visnja Music, consisti\u00f3 b\u00e1sicamente en verificar y asegurar que las condiciones de emplazamiento y caracter\u00edsticas t\u00e9cnicas de los equipos de monitoreo, cumplen ciertas condiciones que aseguren que las mediciones registradas representan una condici\u00f3n general de la zona que se desea representar. \u201cDurante dos d\u00edas revisamos las 6 estaciones de monitoreo, incluyendo la que se ubica en Chiu Chiu, y verificamos sus condiciones de emplazamiento y funcionamiento de los equipos. Realizamos mediciones de flujo para los equipos gravim\u00e9tricos y continuos, revisamos bit\u00e1coras, entre otros\u201d, puntualiz\u00f3.<\/p>\n<p style=\"text-align: justify;\">Por su parte, la seremi del Medio Ambiente, Visnja Music, destac\u00f3 que \u201cla informaci\u00f3n que arroje la visita realizada por la SMA, ser\u00e1 fundamental para elaborar el anteproyecto del PDA de Calama. Cuando una estaci\u00f3n cuenta con representatividad poblacional significa que la informaci\u00f3n que \u00e9sta arroja nos va a permitir de manera fidedigna, evaluar la condici\u00f3n de calidad del aire de la ciudad\u201d.<\/p>\n<p style=\"text-align: justify;\">Al mismo tiempo, enfatiz\u00f3 que gestiones realizadas ante fiscal\u00eda interna de la SMA, las que fueron encomendadas por el Intendente Regional, Marco Antonio D\u00edaz, se permiti\u00f3, por primera vez en el pa\u00eds, que dos personas miembros del COA, pudieran ser observadores del proceso de inspecci\u00f3n a las estaciones.<\/p>\n<p style=\"text-align: justify;\">La elecci\u00f3n de los representantes se realiz\u00f3 de manera democr\u00e1tica, durante una reuni\u00f3n que se llev\u00f3 a cabo en la Gobernaci\u00f3n Provincial del Loa, ocasi\u00f3n en que los representantes del COA a mano alzada, eligieron a Reinaldo D\u00edaz Duk de Corporaci\u00f3n Yareta y a Sergio Chamorro Avil\u00e9s de Fenapo. En calidad de suplente fue elegida Dalila Pe\u00f1a de Corporaci\u00f3n Yareta. En la oportunidad, la seremi del Medio Ambiente, Visnja Music, junto con valorar la realizaci\u00f3n de este proceso, destac\u00f3 \u201cla responsabilidad demostrada por cada uno de los integrantes del Comit\u00e9. Fueron ellos quienes propusieron a sus representantes y destaco profundamente el compromiso que tienen, tanto por su territorio como por los habitantes de Calama\u201d.<\/p>\n<p style=\"text-align: justify;\">Durante el recorrido, Reinaldo D\u00edaz, precis\u00f3 que la fiscalizaci\u00f3n \u201cha sido un proceso enriquecedor, tanto en lo personal, ya que me ha permitido actualizar mis conocimientos, como para poder verificar que los equipos est\u00e1n midiendo como lo especifica la norma. Participar de esta visita ha sido espectacular, como se nos ha dicho, es primera vez que esto sucede en el pa\u00eds, por tanto es un hito que representantes de la ciudadan\u00eda pudieran asistir. Lo consideramos de una transparencia total, que nos deja muy tranquilos y conformes\u201d.<\/p>\n<p style=\"text-align: justify;\">En tanto, Dalila Pe\u00f1a, directora de Corporaci\u00f3n Yareta, expres\u00f3 que \u201cmi percepci\u00f3n es bastante favorable en relaci\u00f3n a la gesti\u00f3n hecha por el Intendente Regional, lo que agradecemos mucho para tranquilidad de la poblaci\u00f3n y agradecer tambi\u00e9n a la empresa que nos abri\u00f3 las puertas para poder revisar las estaciones de monitoreo. Estamos conformes con el trabajo realizado. Podemos decir que hoy todo est\u00e1 funcionando bien, en regla, por tanto, nos da bastante tranquilidad\u201d.<\/p>\n<p style=\"text-align: justify;\">Por su parte, Intendente Marco Antonio D\u00edaz, destac\u00f3 la realizaci\u00f3n de esta actividad participativa: \u201cEstamos abordando esta tarea con la mayor participaci\u00f3n y di\u00e1logo ciudadano posible, porque estoy convencido que s\u00f3lo con la sociedad civil comprometida es posible avanzar en este plan que nos permitir\u00e1 mejorar la calidad de vida para los habitantes de Calama. Ya lo ha dicho nuestro Presidente Pi\u00f1era, el di\u00e1logo y la participaci\u00f3n ciudadana ser\u00e1n el sello de nuestro Gobierno para lograr construir de manera colectiva y mancomunada las pol\u00edticas p\u00fablicas que Chile necesita\u201d.<\/p>\n","protected":false},"excerpt":{"rendered":"<p>&nbsp; Visita inspectiva cont\u00f3 tambi\u00e9n con la participaci\u00f3n de la seremi del Medio Ambiente, Visnja Music y de dos representantes del Comit\u00e9 Operativo Ampliado del Plan de Descontaminaci\u00f3n Atmosf\u00e9rica.<\/p>\n","protected":false},"author":3,"featured_media":16977,"comment_status":"open","ping_status":"open","sticky":false,"template":"","format":"standard","meta":{"footnotes":""},"categories":[94],"tags":[],"class_list":["post-16978","post","type-post","status-publish","format-standard","has-post-thumbnail","hentry","category-notas-noticias"],"_links":{"self":[{"href":"https:\/\/portal.sma.gob.cl\/index.php\/wp-json\/wp\/v2\/posts\/16978","targetHints":{"allow":["GET"]}}],"collection":[{"href":"https:\/\/portal.sma.gob.cl\/index.php\/wp-json\/wp\/v2\/posts"}],"about":[{"href":"https:\/\/portal.sma.gob.cl\/index.php\/wp-json\/wp\/v2\/types\/post"}],"author":[{"embeddable":true,"href":"https:\/\/portal.sma.gob.cl\/index.php\/wp-json\/wp\/v2\/users\/3"}],"replies":[{"embeddable":true,"href":"https:\/\/portal.sma.gob.cl\/index.php\/wp-json\/wp\/v2\/comments?post=16978"}],"version-history":[{"count":0,"href":"https:\/\/portal.sma.gob.cl\/index.php\/wp-json\/wp\/v2\/posts\/16978\/revisions"}],"wp:featuredmedia":[{"embeddable":true,"href":"https:\/\/portal.sma.gob.cl\/index.php\/wp-json\/wp\/v2\/media\/16977"}],"wp:attachment":[{"href":"https:\/\/portal.sma.gob.cl\/index.php\/wp-json\/wp\/v2\/media?parent=16978"}],"wp:term":[{"taxonomy":"category","embeddable":true,"href":"https:\/\/portal.sma.gob.cl\/index.php\/wp-json\/wp\/v2\/categories?post=16978"},{"taxonomy":"post_tag","embeddable":true,"href":"https:\/\/portal.sma.gob.cl\/index.php\/wp-json\/wp\/v2\/tags?post=16978"}],"curies":[{"name":"wp","href":"https:\/\/api.w.org\/{rel}","templated":true}]}}