{"id":16980,"date":"2018-05-17T21:23:59","date_gmt":"2018-05-17T21:23:59","guid":{"rendered":"https:\/\/portal.sma.gob.cl\/index.php\/2018\/05\/17\/sma-firma-convenio-de-colaboracion-con-la-municipalidad-de-machali\/"},"modified":"2018-05-17T21:23:59","modified_gmt":"2018-05-17T21:23:59","slug":"sma-firma-convenio-de-colaboracion-con-la-municipalidad-de-machali","status":"publish","type":"post","link":"https:\/\/portal.sma.gob.cl\/index.php\/sma-firma-convenio-de-colaboracion-con-la-municipalidad-de-machali\/","title":{"rendered":"SMA firma convenio de colaboraci\u00f3n con la Municipalidad de Machal\u00ed"},"content":{"rendered":"<p style=\"text-align: justify;\">&nbsp;<img decoding=\"async\" class=\"size-auto size-full wp-image-16979\" src=\"https:\/\/portal.sma.gob.cl\/wp-content\/uploads\/2018\/05\/NOTA-Machal%C3%AD.jpg\" alt=\"NOTA-Machal\u00ed\" width=\"760\" height=\"360\" \/><\/p>\n<p style=\"text-align: justify;\"><strong>El acuerdo busca entregar capacitaci\u00f3n a los funcionarios municipales para que puedan medir ruidos molestos en la comuna, utilizando son\u00f3metros calibrados y con las t\u00e9cnicas que se deben aplicar seg\u00fan el Decreto Supremo N\u00b038 de 2011. Durante la ma\u00f1ana se realiz\u00f3 la primera capacitaci\u00f3n sobre la materia.<\/strong><\/p>\n<p>  <!--more-->  <\/p>\n<p style=\"text-align: justify;\"><strong>Machal\u00ed, 17 de mayo de 2018.<\/strong> Esta ma\u00f1ana el Superintendente del Medio Ambiente, Cristi\u00e1n Franz, firm\u00f3 un convenio con el alcalde de Machal\u00ed, Jos\u00e9 Miguel Urrutia, con el objetivo de colaborar en la capacitaci\u00f3n de funcionarios municipales para que puedan medir ruidos molestos en la comuna, utilizando son\u00f3metros calibrados y con las t\u00e9cnicas que se deben aplicar seg\u00fan el Decreto Supremo N\u00b038 de 2011 del Ministerio del Medio Ambiente.<\/p>\n<p style=\"text-align: justify;\">Al respecto, el Superintendente Franz sostuvo que \u201ceste es el primer convenio de colaboraci\u00f3n que firmamos con una municipalidad de la Regi\u00f3n de O\u2019Higgins. Ya tenemos varios convenios operando en otras regiones y nos sirven enormemente ya que los ruidos molestos corresponden al 50% de las denuncias que recibimos al a\u00f1o en la SMA. Por eso es que para nosotros es clave ir estableciendo esta red a nivel nacional, a trav\u00e9s de las municipalidades, con el objeto de que ellas queden en condiciones de ir a fiscalizar en representaci\u00f3n de la Superintendencia. Recordemos que somos una instituci\u00f3n relativamente nueva y no contamos con el personal necesario para cubrir todo el pa\u00eds y todas las demandas, de ah\u00ed lo estrat\u00e9gico de este apoyo\u201d.<\/p>\n<p style=\"text-align: justify;\">El alcalde Urrutia expres\u00f3: \u201cEn los \u00faltimos d\u00edas hemos recibido muchas denuncias de vecinos por ruidos molestos. Por esta raz\u00f3n, la firma del convenio es tan importante para nosotros. La idea tambi\u00e9n es compartir conocimientos, capacitaciones a nuestro personal y ver la posibilidad de juntar recursos para tener los equipos necesarios para mediciones\u201d.<\/p>\n<p style=\"text-align: justify;\">Tras la reuni\u00f3n, el Seremi de Medio Ambiente de la Regi\u00f3n de O\u2019Higgins, Rodrigo Lagos, destac\u00f3 el compromiso del Municipio en esta materia, \u201cEste es un gran avance para la Regi\u00f3n, en el \u00e1mbito de la fiscalizaci\u00f3n. Esperamos que esta primera firma, sea el inicio de muchos otros convenios con otros municipios, pues nos permitir\u00e1 abarcar de mejor manera las denuncias y los incumplimientos, a los que muchas veces no logramos llegar, a pesar del gran compromiso y profesionalismo de los funcionarios de la SMA en la Regi\u00f3n, pero que realmente no dan abasto en esta materia. Por eso queremos felicitar, en nombre del Gobierno del Presidente Sebasti\u00e1n Pi\u00f1era, al Municipio de Machal\u00ed y en especial al Alcalde Urritia, por contraer este compromiso, que sin duda ser\u00e1 de gran ayuda para todos\u201d.<\/p>\n<h2 style=\"text-align: justify;\">\u2003Taller de capacitaci\u00f3n<\/h2>\n<p style=\"text-align: justify;\">Tras la firma del convenio de colaboraci\u00f3n, comenz\u00f3 un taller para los fiscalizadores del \u00e1rea ambiental de Machal\u00ed, a cargo del ingeniero ac\u00fastico de la SMA, Felipe Loaiza, y supervisado por el Jefe de la Oficina Regional de la SMA, Santiago Pinedo. En este se explic\u00f3 el sentido y alcance de la norma de emisi\u00f3n, las metodolog\u00edas aplicables a la medici\u00f3n de ruido, uso de equipo, zonificaci\u00f3n, entre otros.<\/p>\n<p style=\"text-align: justify;\">El convenio firmado, tambi\u00e9n compromete a la SMA a brindar apoyo t\u00e9cnico para la adquisici\u00f3n de equipamiento por parte del municipio, as\u00ed como para el desarrollo o mejoramiento de la ordenanza sobre este tema espec\u00edfico.<\/p>\n","protected":false},"excerpt":{"rendered":"<p>&nbsp; El acuerdo busca entregar capacitaci\u00f3n a los funcionarios municipales para que puedan medir ruidos molestos en la comuna, utilizando son\u00f3metros calibrados y con las t\u00e9cnicas que se deben aplicar seg\u00fan el Decreto Supremo N\u00b038 de 2011. Durante la ma\u00f1ana se realiz\u00f3 la primera capacitaci\u00f3n sobre la materia.<\/p>\n","protected":false},"author":3,"featured_media":16979,"comment_status":"open","ping_status":"open","sticky":false,"template":"","format":"standard","meta":{"footnotes":""},"categories":[90],"tags":[],"class_list":["post-16980","post","type-post","status-publish","format-standard","has-post-thumbnail","hentry","category-comunicados-noticias"],"_links":{"self":[{"href":"https:\/\/portal.sma.gob.cl\/index.php\/wp-json\/wp\/v2\/posts\/16980","targetHints":{"allow":["GET"]}}],"collection":[{"href":"https:\/\/portal.sma.gob.cl\/index.php\/wp-json\/wp\/v2\/posts"}],"about":[{"href":"https:\/\/portal.sma.gob.cl\/index.php\/wp-json\/wp\/v2\/types\/post"}],"author":[{"embeddable":true,"href":"https:\/\/portal.sma.gob.cl\/index.php\/wp-json\/wp\/v2\/users\/3"}],"replies":[{"embeddable":true,"href":"https:\/\/portal.sma.gob.cl\/index.php\/wp-json\/wp\/v2\/comments?post=16980"}],"version-history":[{"count":0,"href":"https:\/\/portal.sma.gob.cl\/index.php\/wp-json\/wp\/v2\/posts\/16980\/revisions"}],"wp:featuredmedia":[{"embeddable":true,"href":"https:\/\/portal.sma.gob.cl\/index.php\/wp-json\/wp\/v2\/media\/16979"}],"wp:attachment":[{"href":"https:\/\/portal.sma.gob.cl\/index.php\/wp-json\/wp\/v2\/media?parent=16980"}],"wp:term":[{"taxonomy":"category","embeddable":true,"href":"https:\/\/portal.sma.gob.cl\/index.php\/wp-json\/wp\/v2\/categories?post=16980"},{"taxonomy":"post_tag","embeddable":true,"href":"https:\/\/portal.sma.gob.cl\/index.php\/wp-json\/wp\/v2\/tags?post=16980"}],"curies":[{"name":"wp","href":"https:\/\/api.w.org\/{rel}","templated":true}]}}