{"id":16985,"date":"2018-06-01T15:26:23","date_gmt":"2018-06-01T15:26:23","guid":{"rendered":"https:\/\/portal.sma.gob.cl\/index.php\/2018\/06\/01\/la-serena-se-realiza-taller-de-etfa-para-regulados-de-la-gran-mineria\/"},"modified":"2018-06-01T15:26:23","modified_gmt":"2018-06-01T15:26:23","slug":"la-serena-se-realiza-taller-de-etfa-para-regulados-de-la-gran-mineria","status":"publish","type":"post","link":"https:\/\/portal.sma.gob.cl\/index.php\/la-serena-se-realiza-taller-de-etfa-para-regulados-de-la-gran-mineria\/","title":{"rendered":"LA SERENA: se realiza taller de ETFA para regulados de la gran miner\u00eda"},"content":{"rendered":"<p style=\"text-align: justify;\"><strong><img decoding=\"async\" class=\"size-auto size-full wp-image-16984\" src=\"https:\/\/portal.sma.gob.cl\/wp-content\/uploads\/2018\/06\/nota-ETFA_LA_SERENA.jpg\" alt=\"nota-ETFA LA SERENA\" width=\"760\" height=\"360\" srcset=\"https:\/\/portal.sma.gob.cl\/wp-content\/uploads\/2018\/06\/nota-ETFA_LA_SERENA-200x95.jpg 200w, https:\/\/portal.sma.gob.cl\/wp-content\/uploads\/2018\/06\/nota-ETFA_LA_SERENA-300x142.jpg 300w, https:\/\/portal.sma.gob.cl\/wp-content\/uploads\/2018\/06\/nota-ETFA_LA_SERENA-400x189.jpg 400w, https:\/\/portal.sma.gob.cl\/wp-content\/uploads\/2018\/06\/nota-ETFA_LA_SERENA-600x284.jpg 600w, https:\/\/portal.sma.gob.cl\/wp-content\/uploads\/2018\/06\/nota-ETFA_LA_SERENA.jpg 760w\" sizes=\"(max-width: 760px) 100vw, 760px\" \/><\/strong><\/p>\n<p style=\"text-align: justify;\"><strong>En la Oficina Regional de la SMA se llev\u00f3 a cabo la actividad que convoc\u00f3 a representantes de empresas mineras.<\/strong><\/p>\n<p>  <!--more-->  <\/p>\n<p style=\"text-align: justify;\"><strong>La Serena, 30 de mayo de 2018.<\/strong> En dependencias de la Oficina Regional de la SMA en La Serena, se llev\u00f3 a cabo el taller \u201cETFA para Regulados de la gran Miner\u00eda\u201d, como parte de las actividades que realiza el organismo para la promoci\u00f3n del cumplimiento.<\/p>\n<p style=\"text-align: justify;\">La actividad tuvo como objetivo principal dar a conocer la normativa legal y t\u00e9cnica vigente para el funcionamiento las Entidades T\u00e9cnicas de Fiscalizaci\u00f3n Ambiental (ETFA). En ella participaron 10 representantes de las principales faenas mineras de la regi\u00f3n de Coquimbo.<\/p>\n<p style=\"text-align: justify;\">La actividad se dividi\u00f3 en tres m\u00f3dulos. El primero abord\u00f3 la presentaci\u00f3n del Sistema de ETFA, el segundo abord\u00f3 los aspectos operativos de dicho sistema y el tercero se dedic\u00f3 al seguimiento y control que realiza la SMA sobre las ETFAS autorizadas, incluyendo una ponencia sobre los aspectos legales y las incompatibilidades e inhabilidades descritas en el D.S.38 de 2013 que regula todo el sistema ETFA.<\/p>\n<p style=\"text-align: justify;\">\u201cUno de los compromisos que asumimos como Oficina Regional es promover el cumplimiento de nuestros regulados. Pr\u00f3ximamente se realizar\u00e1n nuevos cursos para avanzar en esta \u00e1rea, ya que es un rol fundamental de la SMA dar a conocer el funcionamiento de nuestra instituci\u00f3n, y sobre todo, explicar materias clave para los regulados como las ETFA en este caso\u201d, afirm\u00f3 Julio N\u00fa\u00f1ez, jefe de la Oficina Regional de Coquimbo de la SMA.<\/p>\n","protected":false},"excerpt":{"rendered":"<p>En la Oficina Regional de la SMA se llev\u00f3 a cabo la actividad que convoc\u00f3 a representantes de empresas mineras.<\/p>\n","protected":false},"author":3,"featured_media":16984,"comment_status":"open","ping_status":"open","sticky":false,"template":"","format":"standard","meta":{"footnotes":""},"categories":[94],"tags":[],"class_list":["post-16985","post","type-post","status-publish","format-standard","has-post-thumbnail","hentry","category-notas-noticias"],"_links":{"self":[{"href":"https:\/\/portal.sma.gob.cl\/index.php\/wp-json\/wp\/v2\/posts\/16985","targetHints":{"allow":["GET"]}}],"collection":[{"href":"https:\/\/portal.sma.gob.cl\/index.php\/wp-json\/wp\/v2\/posts"}],"about":[{"href":"https:\/\/portal.sma.gob.cl\/index.php\/wp-json\/wp\/v2\/types\/post"}],"author":[{"embeddable":true,"href":"https:\/\/portal.sma.gob.cl\/index.php\/wp-json\/wp\/v2\/users\/3"}],"replies":[{"embeddable":true,"href":"https:\/\/portal.sma.gob.cl\/index.php\/wp-json\/wp\/v2\/comments?post=16985"}],"version-history":[{"count":0,"href":"https:\/\/portal.sma.gob.cl\/index.php\/wp-json\/wp\/v2\/posts\/16985\/revisions"}],"wp:featuredmedia":[{"embeddable":true,"href":"https:\/\/portal.sma.gob.cl\/index.php\/wp-json\/wp\/v2\/media\/16984"}],"wp:attachment":[{"href":"https:\/\/portal.sma.gob.cl\/index.php\/wp-json\/wp\/v2\/media?parent=16985"}],"wp:term":[{"taxonomy":"category","embeddable":true,"href":"https:\/\/portal.sma.gob.cl\/index.php\/wp-json\/wp\/v2\/categories?post=16985"},{"taxonomy":"post_tag","embeddable":true,"href":"https:\/\/portal.sma.gob.cl\/index.php\/wp-json\/wp\/v2\/tags?post=16985"}],"curies":[{"name":"wp","href":"https:\/\/api.w.org\/{rel}","templated":true}]}}