{"id":16987,"date":"2018-06-01T15:28:14","date_gmt":"2018-06-01T15:28:14","guid":{"rendered":"https:\/\/portal.sma.gob.cl\/index.php\/2018\/06\/01\/los-rios-sma-realiza-taller-a-conadi\/"},"modified":"2018-06-01T15:28:14","modified_gmt":"2018-06-01T15:28:14","slug":"los-rios-sma-realiza-taller-a-conadi","status":"publish","type":"post","link":"https:\/\/portal.sma.gob.cl\/index.php\/los-rios-sma-realiza-taller-a-conadi\/","title":{"rendered":"LOS R\u00cdOS: SMA realiza taller a CONADI"},"content":{"rendered":"<p style=\"text-align: justify;\"><strong><img decoding=\"async\" class=\"size-auto size-full wp-image-16986\" src=\"https:\/\/portal.sma.gob.cl\/wp-content\/uploads\/2018\/06\/nota-CONADI.jpg\" alt=\"nota-CONADI\" width=\"760\" height=\"360\" srcset=\"https:\/\/portal.sma.gob.cl\/wp-content\/uploads\/2018\/06\/nota-CONADI-200x95.jpg 200w, https:\/\/portal.sma.gob.cl\/wp-content\/uploads\/2018\/06\/nota-CONADI-300x142.jpg 300w, https:\/\/portal.sma.gob.cl\/wp-content\/uploads\/2018\/06\/nota-CONADI-400x189.jpg 400w, https:\/\/portal.sma.gob.cl\/wp-content\/uploads\/2018\/06\/nota-CONADI-600x284.jpg 600w, https:\/\/portal.sma.gob.cl\/wp-content\/uploads\/2018\/06\/nota-CONADI.jpg 760w\" sizes=\"(max-width: 760px) 100vw, 760px\" \/><\/strong><\/p>\n<p style=\"text-align: justify;\"><strong>M\u00e1s de 30 funcionarios de la Corporaci\u00f3n Nacional de Desarrollo Ind\u00edgena participaron de una capacitaci\u00f3n sobre el rol y funciones de la SMA, as\u00ed como tambi\u00e9n de la gesti\u00f3n de denuncias del organismo.<\/strong><\/p>\n<p>  <!--more-->  <\/p>\n<p style=\"text-align: justify;\"><strong>Valdivia, 16 de mayo de 2018.<\/strong> La oficina regional de Los R\u00edos de la SMA realiz\u00f3 una capacitaci\u00f3n a todos los funcionarios de la Direcci\u00f3n Regional de CONADI de dicha regi\u00f3n. La instancia, busc\u00f3 que el personal de esa dependencia conozca de primera fuente el sistema de denuncias de la Superintendencia, as\u00ed como tambi\u00e9n el modelo de fiscalizaci\u00f3n y el sistema sancionatorio de la SMA.<\/p>\n<p style=\"text-align: justify;\">La actividad, realizada en dependencias de la CONADI de Los R\u00edos, se revisaron variados casos regionales. Sobre el taller, el Jefe Regional de la SMA, Eduardo Rodriguez, explic\u00f3: \u201cCONADI es parte de la Red Nacional de Fiscalizaci\u00f3n (RENFA) que articula la SMA , y su aporte en la fiscalizaci\u00f3n del componente humano y sociocultural es de vital importancia para el \u00e9xito de nuestras investigaciones. Estamos muy contentos, pues asistieron m\u00e1s de 30 funcionarios que cumplen funciones en distintas comunas de la regi\u00f3n, lo que nos permite mejorar la coordinaci\u00f3n entre ambas instituciones\u201d.<\/p>\n<p style=\"text-align: justify;\">&nbsp;<\/p>\n","protected":false},"excerpt":{"rendered":"<p>M\u00e1s de 30 funcionarios de la Corporaci\u00f3n Nacional de Desarrollo Ind\u00edgena participaron de una capacitaci\u00f3n sobre el rol y funciones de la SMA, as\u00ed como tambi\u00e9n de la gesti\u00f3n de denuncias del organismo.<\/p>\n","protected":false},"author":3,"featured_media":16986,"comment_status":"open","ping_status":"open","sticky":false,"template":"","format":"standard","meta":{"footnotes":""},"categories":[94],"tags":[],"class_list":["post-16987","post","type-post","status-publish","format-standard","has-post-thumbnail","hentry","category-notas-noticias"],"_links":{"self":[{"href":"https:\/\/portal.sma.gob.cl\/index.php\/wp-json\/wp\/v2\/posts\/16987","targetHints":{"allow":["GET"]}}],"collection":[{"href":"https:\/\/portal.sma.gob.cl\/index.php\/wp-json\/wp\/v2\/posts"}],"about":[{"href":"https:\/\/portal.sma.gob.cl\/index.php\/wp-json\/wp\/v2\/types\/post"}],"author":[{"embeddable":true,"href":"https:\/\/portal.sma.gob.cl\/index.php\/wp-json\/wp\/v2\/users\/3"}],"replies":[{"embeddable":true,"href":"https:\/\/portal.sma.gob.cl\/index.php\/wp-json\/wp\/v2\/comments?post=16987"}],"version-history":[{"count":0,"href":"https:\/\/portal.sma.gob.cl\/index.php\/wp-json\/wp\/v2\/posts\/16987\/revisions"}],"wp:featuredmedia":[{"embeddable":true,"href":"https:\/\/portal.sma.gob.cl\/index.php\/wp-json\/wp\/v2\/media\/16986"}],"wp:attachment":[{"href":"https:\/\/portal.sma.gob.cl\/index.php\/wp-json\/wp\/v2\/media?parent=16987"}],"wp:term":[{"taxonomy":"category","embeddable":true,"href":"https:\/\/portal.sma.gob.cl\/index.php\/wp-json\/wp\/v2\/categories?post=16987"},{"taxonomy":"post_tag","embeddable":true,"href":"https:\/\/portal.sma.gob.cl\/index.php\/wp-json\/wp\/v2\/tags?post=16987"}],"curies":[{"name":"wp","href":"https:\/\/api.w.org\/{rel}","templated":true}]}}