{"id":16995,"date":"2018-06-05T14:37:26","date_gmt":"2018-06-05T14:37:26","guid":{"rendered":"https:\/\/portal.sma.gob.cl\/index.php\/2018\/06\/05\/region-del-maule-oficina-regional-realiza-talleres-sobre-ruidos-molestos-y-fiscalizacion-ambiental\/"},"modified":"2018-06-05T14:37:26","modified_gmt":"2018-06-05T14:37:26","slug":"region-del-maule-oficina-regional-realiza-talleres-sobre-ruidos-molestos-y-fiscalizacion-ambiental","status":"publish","type":"post","link":"https:\/\/portal.sma.gob.cl\/index.php\/region-del-maule-oficina-regional-realiza-talleres-sobre-ruidos-molestos-y-fiscalizacion-ambiental\/","title":{"rendered":"REGI\u00d3N DEL MAULE: Oficina regional realiza talleres sobre ruidos molestos y fiscalizaci\u00f3n ambiental"},"content":{"rendered":"<p style=\"text-align: justify;\"><strong><img decoding=\"async\" class=\"size-auto size-full wp-image-16994\" src=\"https:\/\/portal.sma.gob.cl\/wp-content\/uploads\/2018\/06\/NOTA-mAULEOK.jpg\" alt=\"NOTA-mAULEOK\" width=\"760\" height=\"360\" srcset=\"https:\/\/portal.sma.gob.cl\/wp-content\/uploads\/2018\/06\/NOTA-mAULEOK-200x95.jpg 200w, https:\/\/portal.sma.gob.cl\/wp-content\/uploads\/2018\/06\/NOTA-mAULEOK-300x142.jpg 300w, https:\/\/portal.sma.gob.cl\/wp-content\/uploads\/2018\/06\/NOTA-mAULEOK-400x189.jpg 400w, https:\/\/portal.sma.gob.cl\/wp-content\/uploads\/2018\/06\/NOTA-mAULEOK-600x284.jpg 600w, https:\/\/portal.sma.gob.cl\/wp-content\/uploads\/2018\/06\/NOTA-mAULEOK.jpg 760w\" sizes=\"(max-width: 760px) 100vw, 760px\" \/><\/strong><\/p>\n<p style=\"text-align: justify;\"><strong>Las actividades se enmarcan dentro de la difusi\u00f3n de los procedimientos de fiscalizaci\u00f3n asociados a los organismos p\u00fablicos que forman parte de la RENFA y tambi\u00e9n a municipios para el manejo de denuncias de ruidos molestos.<\/strong><\/p>\n<p>  <!--more-->  <\/p>\n<p style=\"text-align: justify;\"><strong>Talca, 4 de junio de 2018.<\/strong> Durante mayo, la Oficina Regional del Maule de Superintendencia del Medio Ambiente (SMA) realiz\u00f3 variados talleres de capacitaci\u00f3n, tanto a organismos integrantes de la Red nacional de Fiscalizaci\u00f3n ambiental (RENFA) como a diversos municipios.<\/p>\n<p style=\"text-align: justify;\">El d\u00eda 24 de mayo se llev\u00f3 a cabo el \u201cTaller regional de fiscalizaci\u00f3n ambiental Regi\u00f3n del Maule\u201d, en el cual participaron 26 profesionales de servicios p\u00fablicos, entre los que se cuentan el Servicio Agr\u00edcola y Ganadero, la Superintendencia de Servicios Sanitarios, la Superintendencia de Electricidad y Combustibles, Seremi de Salud, Sernapesca, Conaf, Vialidad, DGA, entre otros.<\/p>\n<p style=\"text-align: justify;\">La actividad estuvo dirigida a los profesionales y fiscalizadores que ejecutan frecuentemente labores de fiscalizaci\u00f3n ambiental encomendadas por la Superintendencia y cont\u00f3 con una alta participaci\u00f3n de las instituciones convocadas. El taller se centr\u00f3 en reforzar aspectos del procedimiento de fiscalizaci\u00f3n regulado por la Resoluci\u00f3n Exenta N\u00b01184\/2015, y en repasar las instrucciones del llenado de acta se\u00f1aladas en la Resoluci\u00f3n Exenta N\u00b0 251\/2017.<\/p>\n<p style=\"text-align: justify;\">El jefe regional Eduardo Pe\u00f1a sostuvo que \u201cesta instancia permite compartir con nuestros pares de instituciones de la RENFA y explicar los procedimientos de la SMA, sobre todo en materia de fiscalizaci\u00f3n, considerando que todos los datos que se recaban en terreno posteriormente pueden servir como base para el inicio de un procedimiento sancionatorio, los cuales tienen que tener un alto est\u00e1ndar, ya que finalmente, las resoluciones de la SMA pueden reclamarse ante los Tribunales Ambientales\u201d.<\/p>\n<p style=\"text-align: justify;\">El segundo encuentro, realizado el 30 de mayo, titulado \u201cRuido: consideraciones y fiscalizaci\u00f3n\u201d, se dirigi\u00f3 a las municipalidades de la Regi\u00f3n del Maule, en el cual participaron 20 funcionarios de las alcald\u00edas de Talca, Curic\u00f3, Molina, Colb\u00fan, San Clemente, Parral, Constituci\u00f3n, Maule, Yerbas Buenas, Maule y R\u00edo Claro.&nbsp;<\/p>\n<p style=\"text-align: justify;\">La actividad estuvo centrada en reforzar aspectos regulados por el D.S. N\u00b038\/11 MMA, gesti\u00f3n de denuncias por ruidos molestos y fiscalizaci\u00f3n. \u201cEste taller estuvo dise\u00f1ado para fortalecer las capacidades de los funcionarios municipales respecto a la forma de abordar el tema de ruidos molestos. Cont\u00f3 con la participaci\u00f3n de profesionales de la SMA expertos en la norma de ruido, ya que este tema es uno de los m\u00e1s denunciados por la ciudadan\u00eda a nivel nacional y local, y por eso nos interesa realizar estas capacitaciones\u201d, explic\u00f3 Pe\u00f1a.<\/p>\n","protected":false},"excerpt":{"rendered":"<p>Las actividades se enmarcan dentro de la difusi\u00f3n de los procedimientos de fiscalizaci\u00f3n asociados a los organismos p\u00fablicos que forman parte de la RENFA y tambi\u00e9n a municipios para el manejo de denuncias de ruidos molestos.<\/p>\n","protected":false},"author":3,"featured_media":16994,"comment_status":"open","ping_status":"open","sticky":false,"template":"","format":"standard","meta":{"footnotes":""},"categories":[94],"tags":[],"class_list":["post-16995","post","type-post","status-publish","format-standard","has-post-thumbnail","hentry","category-notas-noticias"],"_links":{"self":[{"href":"https:\/\/portal.sma.gob.cl\/index.php\/wp-json\/wp\/v2\/posts\/16995","targetHints":{"allow":["GET"]}}],"collection":[{"href":"https:\/\/portal.sma.gob.cl\/index.php\/wp-json\/wp\/v2\/posts"}],"about":[{"href":"https:\/\/portal.sma.gob.cl\/index.php\/wp-json\/wp\/v2\/types\/post"}],"author":[{"embeddable":true,"href":"https:\/\/portal.sma.gob.cl\/index.php\/wp-json\/wp\/v2\/users\/3"}],"replies":[{"embeddable":true,"href":"https:\/\/portal.sma.gob.cl\/index.php\/wp-json\/wp\/v2\/comments?post=16995"}],"version-history":[{"count":0,"href":"https:\/\/portal.sma.gob.cl\/index.php\/wp-json\/wp\/v2\/posts\/16995\/revisions"}],"wp:featuredmedia":[{"embeddable":true,"href":"https:\/\/portal.sma.gob.cl\/index.php\/wp-json\/wp\/v2\/media\/16994"}],"wp:attachment":[{"href":"https:\/\/portal.sma.gob.cl\/index.php\/wp-json\/wp\/v2\/media?parent=16995"}],"wp:term":[{"taxonomy":"category","embeddable":true,"href":"https:\/\/portal.sma.gob.cl\/index.php\/wp-json\/wp\/v2\/categories?post=16995"},{"taxonomy":"post_tag","embeddable":true,"href":"https:\/\/portal.sma.gob.cl\/index.php\/wp-json\/wp\/v2\/tags?post=16995"}],"curies":[{"name":"wp","href":"https:\/\/api.w.org\/{rel}","templated":true}]}}