{"id":16997,"date":"2018-06-05T20:32:17","date_gmt":"2018-06-05T20:32:17","guid":{"rendered":"https:\/\/portal.sma.gob.cl\/index.php\/2018\/06\/05\/puerto-montt-superintendente-visita-escuela-de-trapen-para-monitorear-instalacion-de-sensores-de-olor\/"},"modified":"2018-06-05T20:32:17","modified_gmt":"2018-06-05T20:32:17","slug":"puerto-montt-superintendente-visita-escuela-de-trapen-para-monitorear-instalacion-de-sensores-de-olor","status":"publish","type":"post","link":"https:\/\/portal.sma.gob.cl\/index.php\/puerto-montt-superintendente-visita-escuela-de-trapen-para-monitorear-instalacion-de-sensores-de-olor\/","title":{"rendered":"PUERTO MONTT: Superintendente visita escuela de Trap\u00e9n para monitorear instalaci\u00f3n de sensores de olor"},"content":{"rendered":"<p style=\"text-align: justify;\">&nbsp;<img decoding=\"async\" class=\"size-auto size-full wp-image-16996\" src=\"https:\/\/portal.sma.gob.cl\/wp-content\/uploads\/2018\/06\/NOTA-Puerto_Montt.jpg\" alt=\"NOTA-Puerto Montt\" width=\"760\" height=\"360\" srcset=\"https:\/\/portal.sma.gob.cl\/wp-content\/uploads\/2018\/06\/NOTA-Puerto_Montt-200x95.jpg 200w, https:\/\/portal.sma.gob.cl\/wp-content\/uploads\/2018\/06\/NOTA-Puerto_Montt-300x142.jpg 300w, https:\/\/portal.sma.gob.cl\/wp-content\/uploads\/2018\/06\/NOTA-Puerto_Montt-400x189.jpg 400w, https:\/\/portal.sma.gob.cl\/wp-content\/uploads\/2018\/06\/NOTA-Puerto_Montt-600x284.jpg 600w, https:\/\/portal.sma.gob.cl\/wp-content\/uploads\/2018\/06\/NOTA-Puerto_Montt.jpg 760w\" sizes=\"(max-width: 760px) 100vw, 760px\" \/><\/p>\n<p style=\"text-align: justify;\"><strong>La m\u00e1xima autoridad de la SMA, de visita en la Regi\u00f3n de Los Lagos, tambi\u00e9n realiz\u00f3 un sobrevuelo por el sector del Paso El Le\u00f3n y el Valle de Cocham\u00f3.<\/strong><\/p>\n<p>  <!--more-->  <\/p>\n<p style=\"text-align: justify;\"><strong>Puerto Montt, 4 de junio de 2018.<\/strong> El pasado viernes 1 de junio el Superintendente del Medio Ambiente, Cristi\u00e1n Franz Thorud, realiz\u00f3 una visita a la Regi\u00f3n de Los Lagos, en donde desarroll\u00f3 dos actividades para interiorizarse de algunos casos que afectan a la zona.<\/p>\n<p style=\"text-align: justify;\">Durante la ma\u00f1ana realiz\u00f3 un sobrevuelo en el sector del lago Tagua-Tagua, el R\u00edo Manso e incluy\u00f3 una vista desde el Paso El Le\u00f3n y el Valle de Cocham\u00f3. Esta visita, realizada en un helic\u00f3ptero de la Gobernaci\u00f3n Mar\u00edtima de Puerto Montt, tuvo como objetivo observar desde el aire el estado del \u201cCamino El Manso\u201d de la empresa IRLA S.A, la cual tiene presentado un Programa de Cumplimiento ante un proceso sancionatorio iniciado por la SMA.<\/p>\n<p style=\"text-align: justify;\">En la jornada de la tarde, el Superintendente Franz visit\u00f3 la Escuela de Trap\u00e9n, ubicada la comuna de Puerto Montt, en las cercan\u00edas de empresas que realizan mantenimiento de redes de cultivo para la industria salmonera. Debido a nuevas denuncias de la comunidad, la SMA instal\u00f3 dos sensores multipar\u00e1metro que permiten medir, con tecnolog\u00eda a distancia, la presencia de gases que potencialmente pueden producir las empresas cercanas a la Escuela.<\/p>\n<p style=\"text-align: justify;\">\u201cEsta es la primera vez que utilizamos sensores en la Regi\u00f3n de Los Lagos, y estos tienen una finalidad preventiva, que es ir monitoreando la presencia de gases en l\u00ednea. Desde los computadores de la SMA podemos monitorear gases como el \u00e1cido sulfh\u00eddrico, que tienen relaci\u00f3n a los gases generados por la descomposici\u00f3n de materia org\u00e1nica, junto a otros par\u00e1metros necesarios de obtener para el an\u00e1lisis de la informaci\u00f3n como Temperatura, Presi\u00f3n atmosf\u00e9rica y Humedad relativa. Estos equipos los mantendremos el tiempo que sea necesario\u201d, explic\u00f3 el Superintendente Franz, tras reunirse con el director de la Escuela de Trap\u00e9n, An\u00edbal Mansilla, junto al Seremi de Medio Ambiente, Klaus Kosiel. En la cita tambi\u00e9n participaron funcionarios municipales y la presidenta de la junta de vecinos del sector.<\/p>\n<p style=\"text-align: justify;\">\u201cVisit\u00e9 los lugares donde nuestros expertos instalaron los sensores, pues sabemos que este es un tema sensible para la comunidad. De hecho, nuestra Oficina Regional de Los Lagos, ha recibido varias denuncias de la junta de vecinos, y queremos que sepan que estamos atentos a que la normativa ambiental se respete y que no haya episodios que est\u00e9n fuera de ella y que afecten la salud de las personas, sobre todo de los ni\u00f1os de la Escuela Trap\u00e9n\u201d, puntualiz\u00f3 Franz.<\/p>\n","protected":false},"excerpt":{"rendered":"<p>&nbsp; La m\u00e1xima autoridad de la SMA, de visita en la Regi\u00f3n de Los Lagos, tambi\u00e9n realiz\u00f3 un sobrevuelo por el sector del Paso El Le\u00f3n y el Valle de Cocham\u00f3.<\/p>\n","protected":false},"author":3,"featured_media":16996,"comment_status":"open","ping_status":"open","sticky":false,"template":"","format":"standard","meta":{"footnotes":""},"categories":[90],"tags":[],"class_list":["post-16997","post","type-post","status-publish","format-standard","has-post-thumbnail","hentry","category-comunicados-noticias"],"_links":{"self":[{"href":"https:\/\/portal.sma.gob.cl\/index.php\/wp-json\/wp\/v2\/posts\/16997","targetHints":{"allow":["GET"]}}],"collection":[{"href":"https:\/\/portal.sma.gob.cl\/index.php\/wp-json\/wp\/v2\/posts"}],"about":[{"href":"https:\/\/portal.sma.gob.cl\/index.php\/wp-json\/wp\/v2\/types\/post"}],"author":[{"embeddable":true,"href":"https:\/\/portal.sma.gob.cl\/index.php\/wp-json\/wp\/v2\/users\/3"}],"replies":[{"embeddable":true,"href":"https:\/\/portal.sma.gob.cl\/index.php\/wp-json\/wp\/v2\/comments?post=16997"}],"version-history":[{"count":0,"href":"https:\/\/portal.sma.gob.cl\/index.php\/wp-json\/wp\/v2\/posts\/16997\/revisions"}],"wp:featuredmedia":[{"embeddable":true,"href":"https:\/\/portal.sma.gob.cl\/index.php\/wp-json\/wp\/v2\/media\/16996"}],"wp:attachment":[{"href":"https:\/\/portal.sma.gob.cl\/index.php\/wp-json\/wp\/v2\/media?parent=16997"}],"wp:term":[{"taxonomy":"category","embeddable":true,"href":"https:\/\/portal.sma.gob.cl\/index.php\/wp-json\/wp\/v2\/categories?post=16997"},{"taxonomy":"post_tag","embeddable":true,"href":"https:\/\/portal.sma.gob.cl\/index.php\/wp-json\/wp\/v2\/tags?post=16997"}],"curies":[{"name":"wp","href":"https:\/\/api.w.org\/{rel}","templated":true}]}}