{"id":16999,"date":"2018-06-06T19:14:31","date_gmt":"2018-06-06T19:14:31","guid":{"rendered":"https:\/\/portal.sma.gob.cl\/index.php\/2018\/06\/06\/provincia-de-arauco-sma-investiga-denuncias-sobre-centrales-hidroelectricas-en-el-valle-de-elicura\/"},"modified":"2018-06-06T19:14:31","modified_gmt":"2018-06-06T19:14:31","slug":"provincia-de-arauco-sma-investiga-denuncias-sobre-centrales-hidroelectricas-en-el-valle-de-elicura","status":"publish","type":"post","link":"https:\/\/portal.sma.gob.cl\/index.php\/provincia-de-arauco-sma-investiga-denuncias-sobre-centrales-hidroelectricas-en-el-valle-de-elicura\/","title":{"rendered":"PROVINCIA DE ARAUCO: SMA investiga denuncias sobre centrales hidroel\u00e9ctricas en el Valle de Elicura"},"content":{"rendered":"<p><strong><img decoding=\"async\" class=\"size-auto size-full wp-image-16998\" src=\"https:\/\/portal.sma.gob.cl\/wp-content\/uploads\/2018\/06\/NOTA-Contulmo.jpg\" alt=\"NOTA-Contulmo\" width=\"760\" height=\"360\" srcset=\"https:\/\/portal.sma.gob.cl\/wp-content\/uploads\/2018\/06\/NOTA-Contulmo-200x95.jpg 200w, https:\/\/portal.sma.gob.cl\/wp-content\/uploads\/2018\/06\/NOTA-Contulmo-300x142.jpg 300w, https:\/\/portal.sma.gob.cl\/wp-content\/uploads\/2018\/06\/NOTA-Contulmo-400x189.jpg 400w, https:\/\/portal.sma.gob.cl\/wp-content\/uploads\/2018\/06\/NOTA-Contulmo-600x284.jpg 600w, https:\/\/portal.sma.gob.cl\/wp-content\/uploads\/2018\/06\/NOTA-Contulmo.jpg 760w\" sizes=\"(max-width: 760px) 100vw, 760px\" \/><\/strong><\/p>\n<p><strong>Durante este a\u00f1o y el anterior, diversos vecinos de la comuna de Contulmo han presentado denuncias ante la oficina regional del Biob\u00edo de la SMA. Ayer se llev\u00f3 a cabo una inspecci\u00f3n en la zona.<\/strong><\/p>\n<p>  <!--more-->  <\/p>\n<p style=\"text-align: justify;\"><strong>Concepci\u00f3n, 6 de junio de 2018.<\/strong> La oficina regional de la Superintendencia del Medio Ambiente en Biob\u00edo inici\u00f3 una investigaci\u00f3n para recabar antecedentes tras recibir m\u00faltiples denuncias de habitantes del Valle Elicura de la Comuna de Contulmo, contra la posible construcci\u00f3n de los proyectos \u201cCentral Gustavito\u201d y \u201cCentral Provoque\u201d cuyo Titular es Hidrowatt Gustavito SpA (Grupo Impulso). En ambos casos, se ha manifestado que estos proyectos no han sido evaluados ambientalmente y se ubicar\u00edan en el estero Provoque.<\/p>\n<p style=\"text-align: justify;\">Para atender a las denuncias ciudadanas, la Oficina Regional del Biob\u00edo envi\u00f3 a un equipo de profesionales para realizar una actividad de fiscalizaci\u00f3n durante todo el d\u00eda lunes 4 de junio de 2018. En ella, se inspeccionaron los posibles lugares de emplazamiento de los proyectos hidroel\u00e9ctricos. Adicionalmente, se efectuaron entrevistas a personas de las comunidades aleda\u00f1as al proyecto con el objeto de poder adquirir informaci\u00f3n de relevancia ambiental. Durante la inspecci\u00f3n, se pudo constatar que no se han ejecutado obras en los terrenos de posible emplazamiento.<\/p>\n<p style=\"text-align: justify;\">En este caso, la SMA tambi\u00e9n ha requerido informaci\u00f3n al Servicio de Evaluaci\u00f3n Ambiental (SEA) de la Regi\u00f3n del Biob\u00edo para analizar cualquier tipo de comunicaci\u00f3n del titular del proyecto. En este caso, dicha repartici\u00f3n inform\u00f3 que el titular ha presentado en diferentes fechas consultas de pertinencia de ingreso al SEIA.<br \/>Para seguir analizando este caso, la SMA ha enviado requerimientos de informaci\u00f3n bajo apercibimiento de sanci\u00f3n al titular, Hidrowatt Gustavito SpA (Grupo Impulso), los cuales deben ser respondidos a esta instituci\u00f3n durante los pr\u00f3ximos d\u00edas.<\/p>\n","protected":false},"excerpt":{"rendered":"<p>Durante este a\u00f1o y el anterior, diversos vecinos de la comuna de Contulmo han presentado denuncias ante la oficina regional del Biob\u00edo de la SMA. Ayer se llev\u00f3 a cabo una inspecci\u00f3n en la zona.<\/p>\n","protected":false},"author":3,"featured_media":16998,"comment_status":"open","ping_status":"open","sticky":false,"template":"","format":"standard","meta":{"footnotes":""},"categories":[90],"tags":[],"class_list":["post-16999","post","type-post","status-publish","format-standard","has-post-thumbnail","hentry","category-comunicados-noticias"],"_links":{"self":[{"href":"https:\/\/portal.sma.gob.cl\/index.php\/wp-json\/wp\/v2\/posts\/16999","targetHints":{"allow":["GET"]}}],"collection":[{"href":"https:\/\/portal.sma.gob.cl\/index.php\/wp-json\/wp\/v2\/posts"}],"about":[{"href":"https:\/\/portal.sma.gob.cl\/index.php\/wp-json\/wp\/v2\/types\/post"}],"author":[{"embeddable":true,"href":"https:\/\/portal.sma.gob.cl\/index.php\/wp-json\/wp\/v2\/users\/3"}],"replies":[{"embeddable":true,"href":"https:\/\/portal.sma.gob.cl\/index.php\/wp-json\/wp\/v2\/comments?post=16999"}],"version-history":[{"count":0,"href":"https:\/\/portal.sma.gob.cl\/index.php\/wp-json\/wp\/v2\/posts\/16999\/revisions"}],"wp:featuredmedia":[{"embeddable":true,"href":"https:\/\/portal.sma.gob.cl\/index.php\/wp-json\/wp\/v2\/media\/16998"}],"wp:attachment":[{"href":"https:\/\/portal.sma.gob.cl\/index.php\/wp-json\/wp\/v2\/media?parent=16999"}],"wp:term":[{"taxonomy":"category","embeddable":true,"href":"https:\/\/portal.sma.gob.cl\/index.php\/wp-json\/wp\/v2\/categories?post=16999"},{"taxonomy":"post_tag","embeddable":true,"href":"https:\/\/portal.sma.gob.cl\/index.php\/wp-json\/wp\/v2\/tags?post=16999"}],"curies":[{"name":"wp","href":"https:\/\/api.w.org\/{rel}","templated":true}]}}