{"id":17001,"date":"2018-06-11T22:31:46","date_gmt":"2018-06-11T22:31:46","guid":{"rendered":"https:\/\/portal.sma.gob.cl\/index.php\/2018\/06\/11\/sma-realiza-taller-de-promocion-al-cumplimiento-a-la-asociacion-de-generadoras\/"},"modified":"2018-06-11T22:31:46","modified_gmt":"2018-06-11T22:31:46","slug":"sma-realiza-taller-de-promocion-al-cumplimiento-a-la-asociacion-de-generadoras","status":"publish","type":"post","link":"https:\/\/portal.sma.gob.cl\/index.php\/sma-realiza-taller-de-promocion-al-cumplimiento-a-la-asociacion-de-generadoras\/","title":{"rendered":"SMA realiza taller de promoci\u00f3n al cumplimiento a la Asociaci\u00f3n de Generadoras"},"content":{"rendered":"<p style=\"text-align: justify;\"><img decoding=\"async\" class=\"size-auto size-full wp-image-17000\" src=\"https:\/\/portal.sma.gob.cl\/wp-content\/uploads\/2018\/06\/NOTA-generadoras.jpg\" alt=\"NOTA-generadoras\" width=\"760\" height=\"360\" srcset=\"https:\/\/portal.sma.gob.cl\/wp-content\/uploads\/2018\/06\/NOTA-generadoras-200x95.jpg 200w, https:\/\/portal.sma.gob.cl\/wp-content\/uploads\/2018\/06\/NOTA-generadoras-300x142.jpg 300w, https:\/\/portal.sma.gob.cl\/wp-content\/uploads\/2018\/06\/NOTA-generadoras-400x189.jpg 400w, https:\/\/portal.sma.gob.cl\/wp-content\/uploads\/2018\/06\/NOTA-generadoras-600x284.jpg 600w, https:\/\/portal.sma.gob.cl\/wp-content\/uploads\/2018\/06\/NOTA-generadoras.jpg 760w\" sizes=\"(max-width: 760px) 100vw, 760px\" \/>&nbsp;<\/p>\n<p style=\"text-align: justify;\"><strong>Buscando acercarse a los sectores regulados, la Superintendencia organiz\u00f3 talleres con los principales gremios del pa\u00eds para exponerles los resultados de las fiscalizaciones y c\u00f3mo mejorar en el cumplimiento de sus compromisos ambientales.<\/strong><\/p>\n<p>  <!--more-->  <\/p>\n<p style=\"text-align: justify;\"><strong>Santiago, 8 de junio de 2018.<\/strong> Media jornada de intenso trabajo desarroll\u00f3 la Superintendencia del Medio Ambiente (SMA) para la Asociaci\u00f3n de Generadoras de Chile, que agrupa a las empresas que producen energ\u00eda solar, t\u00e9rmica, hidroel\u00e9ctrica, geot\u00e9rmica y bioenerg\u00eda, y cuyos proyectos son parte de las Unidades Fiscalizables que a\u00f1o a a\u00f1o se deben fiscalizar por parte de la SMA.<\/p>\n<p style=\"text-align: justify;\">El taller se inici\u00f3 con las palabras de Jaime Esp\u00ednola, gerente de asuntos regulatorios del gremio, quien agradeci\u00f3 este tipo de iniciativas que ha impulsado la Superintendencia. \u201cYa perdimos la cuenta del n\u00famero de taller. Hemos tenido una buena comunicaci\u00f3n y la SMA, en su rol regulador, tambi\u00e9n se ha dado un espacio importante a capacitar en el cumplimiento de la normativa ambiental, sobre todo cuando se implementan nuevas regulaciones\u201d.<\/p>\n<p style=\"text-align: justify;\">El jefe de la Divisi\u00f3n de Fiscalizaci\u00f3n de la SMA, Rub\u00e9n Verdugo, explic\u00f3 al inicio de la jornada que esta instancia \u201cbusca ir explicando a las empresas el modelo de fiscalizaci\u00f3n de la SMA. De hecho, en este taller los instaremos a un ejercicio de fiscalizaci\u00f3n con datos reales, para que entiendan c\u00f3mo se busca revisar el cumplimiento de las distintas normativas que los regulan. Adem\u00e1s, cada vez m\u00e1s las empresas tienen que comprender que su permiso ambiental es s\u00f3lo la base de dicho cumplimiento\u201d.<\/p>\n<p style=\"text-align: justify;\">El primer m\u00f3dulo de la actividad busc\u00f3 hacer un resumen de la aplicaci\u00f3n del D.S. 13 de 2011, que regula las emisiones termoel\u00e9ctricas. Se realiz\u00f3 una evaluaci\u00f3n del cumplimiento de la normativa y algunas observaciones generales para las compa\u00f1\u00edas, como el llenado de datos y gr\u00e1ficos que deben entregarse en cada informe. <br \/>Posteriormente, se analiz\u00f3 la metodolog\u00eda de Fiscalizaci\u00f3n Ambiental Estrat\u00e9gica que ocupa la SMA. Se abordaron conceptos de riesgo, la planificaci\u00f3n de la actividad en terreno y su realizaci\u00f3n. En ese sentido, se relev\u00f3 la importancia de que en las inspecciones \u201cse revisa el estado y las circunstancias de la instalaci\u00f3n en cuesti\u00f3n. Luego de la fiscalizaci\u00f3n, se debe redactar un acta en forma precisa, relevante y objetiva\u201d.<\/p>\n<p style=\"text-align: justify;\">Los participantes pudieron realizar consultas sobre el modelo, y al final del taller, realizar un ejercicio para transformarse en fiscalizadores, con la exposici\u00f3n de casos reales de fiscalizaciones a una termoel\u00e9ctrica, una central de pasada y una l\u00ednea de transmisi\u00f3n. Se analiz\u00f3, por ejemplo, la facultad de la SMA de tomar medidas provisionales cuando existe riesgo para el medio ambiente y la salud de la poblaci\u00f3n, entre otros aspectos de relevancia.<\/p>\n","protected":false},"excerpt":{"rendered":"<p>&nbsp; Buscando acercarse a los sectores regulados, la Superintendencia organiz\u00f3 talleres con los principales gremios del pa\u00eds para exponerles los resultados de las fiscalizaciones y c\u00f3mo mejorar en el cumplimiento de sus compromisos ambientales.<\/p>\n","protected":false},"author":3,"featured_media":17000,"comment_status":"open","ping_status":"open","sticky":false,"template":"","format":"standard","meta":{"footnotes":""},"categories":[94],"tags":[],"class_list":["post-17001","post","type-post","status-publish","format-standard","has-post-thumbnail","hentry","category-notas-noticias"],"_links":{"self":[{"href":"https:\/\/portal.sma.gob.cl\/index.php\/wp-json\/wp\/v2\/posts\/17001","targetHints":{"allow":["GET"]}}],"collection":[{"href":"https:\/\/portal.sma.gob.cl\/index.php\/wp-json\/wp\/v2\/posts"}],"about":[{"href":"https:\/\/portal.sma.gob.cl\/index.php\/wp-json\/wp\/v2\/types\/post"}],"author":[{"embeddable":true,"href":"https:\/\/portal.sma.gob.cl\/index.php\/wp-json\/wp\/v2\/users\/3"}],"replies":[{"embeddable":true,"href":"https:\/\/portal.sma.gob.cl\/index.php\/wp-json\/wp\/v2\/comments?post=17001"}],"version-history":[{"count":0,"href":"https:\/\/portal.sma.gob.cl\/index.php\/wp-json\/wp\/v2\/posts\/17001\/revisions"}],"wp:featuredmedia":[{"embeddable":true,"href":"https:\/\/portal.sma.gob.cl\/index.php\/wp-json\/wp\/v2\/media\/17000"}],"wp:attachment":[{"href":"https:\/\/portal.sma.gob.cl\/index.php\/wp-json\/wp\/v2\/media?parent=17001"}],"wp:term":[{"taxonomy":"category","embeddable":true,"href":"https:\/\/portal.sma.gob.cl\/index.php\/wp-json\/wp\/v2\/categories?post=17001"},{"taxonomy":"post_tag","embeddable":true,"href":"https:\/\/portal.sma.gob.cl\/index.php\/wp-json\/wp\/v2\/tags?post=17001"}],"curies":[{"name":"wp","href":"https:\/\/api.w.org\/{rel}","templated":true}]}}