{"id":17003,"date":"2018-06-12T20:14:20","date_gmt":"2018-06-12T20:14:20","guid":{"rendered":"https:\/\/portal.sma.gob.cl\/index.php\/2018\/06\/12\/sma-decreta-medidas-provisionales-al-vertedero-municipal-de-osorno-por-riesgo-sanitario-y-ambiental\/"},"modified":"2018-06-12T20:14:20","modified_gmt":"2018-06-12T20:14:20","slug":"sma-decreta-medidas-provisionales-al-vertedero-municipal-de-osorno-por-riesgo-sanitario-y-ambiental","status":"publish","type":"post","link":"https:\/\/portal.sma.gob.cl\/index.php\/sma-decreta-medidas-provisionales-al-vertedero-municipal-de-osorno-por-riesgo-sanitario-y-ambiental\/","title":{"rendered":"SMA decreta medidas provisionales al vertedero municipal de Osorno por riesgo sanitario y ambiental"},"content":{"rendered":"<p style=\"text-align: justify;\"><strong><img decoding=\"async\" class=\"size-auto size-full wp-image-17002\" src=\"https:\/\/portal.sma.gob.cl\/wp-content\/uploads\/2018\/06\/nota-vertedero_Osorno.jpg\" alt=\"nota-vertedero Osorno\" width=\"760\" height=\"360\" srcset=\"https:\/\/portal.sma.gob.cl\/wp-content\/uploads\/2018\/06\/nota-vertedero_Osorno-200x95.jpg 200w, https:\/\/portal.sma.gob.cl\/wp-content\/uploads\/2018\/06\/nota-vertedero_Osorno-300x142.jpg 300w, https:\/\/portal.sma.gob.cl\/wp-content\/uploads\/2018\/06\/nota-vertedero_Osorno-400x189.jpg 400w, https:\/\/portal.sma.gob.cl\/wp-content\/uploads\/2018\/06\/nota-vertedero_Osorno-600x284.jpg 600w, https:\/\/portal.sma.gob.cl\/wp-content\/uploads\/2018\/06\/nota-vertedero_Osorno.jpg 760w\" sizes=\"(max-width: 760px) 100vw, 760px\" \/><\/strong><\/p>\n<p style=\"text-align: justify;\"><strong>Las medidas buscan contener y controlar las descargas de l\u00edquidos lixiviados en la periferia del vertedero, al igual que el retiro de los mismos de dos lagunas al interior del recinto.<\/strong><\/p>\n<p>  <!--more-->  <\/p>\n<p style=\"text-align: justify;\"><strong>Osorno, 12 de junio de 2018.<\/strong> La Superintendencia del Medio Ambiente (SMA) procedi\u00f3 hoy a notificar a la Municipalidad de Osorno, titular del \u201cVertedero Osorno\u201d \u2013regulado por RCA N\u00b0 438 de 2010\u2013, respecto de la adopci\u00f3n de medidas provisionales de tipo correctivo y ordenar monitoreos y an\u00e1lisis debido a los hallazgos encontrados en una fiscalizaci\u00f3n realizada en terreno el 8 de mayo, por profesionales de la SMA y de la SEREMI de Salud de Los Lagos.<\/p>\n<p style=\"text-align: justify;\">En la actividad, se constat\u00f3 que las condiciones de operaci\u00f3n del vertedero son de alto riesgo sanitario y ambiental. Entre los hallazgos m\u00e1s importante est\u00e1 el mal manejo operacional que existe al interior del vertedero, as\u00ed como el mal manejo de los l\u00edquidos lixiviados, los que escurren gravitacionalmente hacia una zona pantanosa para llegar al estero sin nombre, y posteriormente al estero Curaco. Estas condiciones generan abundantes vectores, como moscas y jotes, y se asocia a la generaci\u00f3n de malos olores derivados de materia en descomposici\u00f3n, constituyendo un foco de insalubridad para las personas que habitan en las cercan\u00edas del vertedero.<\/p>\n<p style=\"text-align: justify;\">Debido a las condiciones de riesgo ambiental se adoptaron las siguientes medidas: <br \/>&#8211; Controlar todas las descargas de los l\u00edquidos lixiviados (crudos o mezclados con aguas lluvias) hacia sectores no autorizados y proceder a retirar los l\u00edquidos lixiviados que se encuentran acopiados en las dos lagunas existentes, hasta niveles que permitan la total contenci\u00f3n y\/o eliminaci\u00f3n de dichos l\u00edquidos al interior de las instalaciones del vertedero <br \/>&#8211; Presentar una Programa de Monitoreo, que comprometa la ejecuci\u00f3n de un plan de mediciones de la calidad de las aguas superficiales (Estero sin nombre y Estero Curaco) y subterr\u00e1neas.<br \/>&#8211; Efectuar la limpieza del entorno del vertedero, en especial en el camino de acceso retirando todos los residuos s\u00f3lidos visibles. <br \/>&#8211; Presentar un nuevo Plan de Acciones de Control y Prevenci\u00f3n que deber\u00e1 considerar los afloramientos de l\u00edquidos percolados, deslizamientos de material depositado en el vertedero grietas en la superficie del terreno, contaminaci\u00f3n de aguas subterr\u00e1neas y superficiales, fallas en el equipamiento utilizado, control de olores y riesgos naturales. <br \/>&#8211; Dar cumplimiento al Cierre Perimetral establecido la RCA, en cuanto a cerrar todos los accesos libres al vertedero, de manera de impedir el ingreso de persona como animales al recinto sin un control. Adem\u00e1s, se deber\u00e1 instalar un port\u00f3n de acceso con un horario establecido.<br \/>&#8211; Elaborar un informe detallado y consolidado respecto de cada una de las medidas establecidas en la respectiva resoluci\u00f3n.<\/p>\n<p style=\"text-align: justify;\">El Municipio de Osorno tendr\u00e1 un plazo de 15 d\u00edas h\u00e1biles para ejecutarlas e informar de su cumplimiento, a trav\u00e9s de un informe consolidado de las acciones tomadas.<\/p>\n","protected":false},"excerpt":{"rendered":"<p>Las medidas buscan contener y controlar las descargas de l\u00edquidos lixiviados en la periferia del vertedero, al igual que el retiro de los mismos de dos lagunas al interior del recinto.<\/p>\n","protected":false},"author":3,"featured_media":17002,"comment_status":"open","ping_status":"open","sticky":false,"template":"","format":"standard","meta":{"footnotes":""},"categories":[90],"tags":[],"class_list":["post-17003","post","type-post","status-publish","format-standard","has-post-thumbnail","hentry","category-comunicados-noticias"],"_links":{"self":[{"href":"https:\/\/portal.sma.gob.cl\/index.php\/wp-json\/wp\/v2\/posts\/17003","targetHints":{"allow":["GET"]}}],"collection":[{"href":"https:\/\/portal.sma.gob.cl\/index.php\/wp-json\/wp\/v2\/posts"}],"about":[{"href":"https:\/\/portal.sma.gob.cl\/index.php\/wp-json\/wp\/v2\/types\/post"}],"author":[{"embeddable":true,"href":"https:\/\/portal.sma.gob.cl\/index.php\/wp-json\/wp\/v2\/users\/3"}],"replies":[{"embeddable":true,"href":"https:\/\/portal.sma.gob.cl\/index.php\/wp-json\/wp\/v2\/comments?post=17003"}],"version-history":[{"count":0,"href":"https:\/\/portal.sma.gob.cl\/index.php\/wp-json\/wp\/v2\/posts\/17003\/revisions"}],"wp:featuredmedia":[{"embeddable":true,"href":"https:\/\/portal.sma.gob.cl\/index.php\/wp-json\/wp\/v2\/media\/17002"}],"wp:attachment":[{"href":"https:\/\/portal.sma.gob.cl\/index.php\/wp-json\/wp\/v2\/media?parent=17003"}],"wp:term":[{"taxonomy":"category","embeddable":true,"href":"https:\/\/portal.sma.gob.cl\/index.php\/wp-json\/wp\/v2\/categories?post=17003"},{"taxonomy":"post_tag","embeddable":true,"href":"https:\/\/portal.sma.gob.cl\/index.php\/wp-json\/wp\/v2\/tags?post=17003"}],"curies":[{"name":"wp","href":"https:\/\/api.w.org\/{rel}","templated":true}]}}