{"id":17007,"date":"2018-06-19T15:23:52","date_gmt":"2018-06-19T15:23:52","guid":{"rendered":"https:\/\/portal.sma.gob.cl\/index.php\/2018\/06\/19\/sma-realiza-taller-de-cumplimiento-ambiental-para-empresas-del-consejo-minero\/"},"modified":"2018-06-19T15:23:52","modified_gmt":"2018-06-19T15:23:52","slug":"sma-realiza-taller-de-cumplimiento-ambiental-para-empresas-del-consejo-minero","status":"publish","type":"post","link":"https:\/\/portal.sma.gob.cl\/index.php\/sma-realiza-taller-de-cumplimiento-ambiental-para-empresas-del-consejo-minero\/","title":{"rendered":"SMA realiza taller de cumplimiento ambiental para empresas del Consejo Minero"},"content":{"rendered":"<p style=\"text-align: justify;\"><strong><img decoding=\"async\" class=\"size-auto size-full wp-image-17006\" src=\"https:\/\/portal.sma.gob.cl\/wp-content\/uploads\/2018\/06\/NOTA-ConsejoMinero.jpg\" alt=\"NOTA-ConsejoMinero\" width=\"760\" height=\"360\" srcset=\"https:\/\/portal.sma.gob.cl\/wp-content\/uploads\/2018\/06\/NOTA-ConsejoMinero-200x95.jpg 200w, https:\/\/portal.sma.gob.cl\/wp-content\/uploads\/2018\/06\/NOTA-ConsejoMinero-300x142.jpg 300w, https:\/\/portal.sma.gob.cl\/wp-content\/uploads\/2018\/06\/NOTA-ConsejoMinero-400x189.jpg 400w, https:\/\/portal.sma.gob.cl\/wp-content\/uploads\/2018\/06\/NOTA-ConsejoMinero-600x284.jpg 600w, https:\/\/portal.sma.gob.cl\/wp-content\/uploads\/2018\/06\/NOTA-ConsejoMinero.jpg 760w\" sizes=\"(max-width: 760px) 100vw, 760px\" \/><\/strong><\/p>\n<p style=\"text-align: justify;\"><strong>La actividad busc\u00f3 entregar conceptos clave de la fiscalizaci\u00f3n ambiental estrat\u00e9gica que aplica la Superintendencia. Con esto, se busca que las mineras conozcan y hagan propio el cumplimiento de la normativa.<\/strong><\/p>\n<p>  <!--more-->  <\/p>\n<p style=\"text-align: justify;\"><strong>Santiago, 14 de junio de 2018.<\/strong> Esta ma\u00f1ana se llev\u00f3 a cabo en dependencias del Consejo Minero un taller de promoci\u00f3n al cumplimiento ambiental realizado por la Superintendencia del Medio Ambiente (SMA) para las compa\u00f1\u00edas asociadas a dicho gremio. En la actividad participaron cerca de 20 representantes de grandes compa\u00f1\u00edas, cuyas operaciones est\u00e1n reguladas por uno o m\u00e1s Instrumentos de Gesti\u00f3n Ambiental que deben ser fiscalizados por la SMA.<\/p>\n<p style=\"text-align: justify;\">La actividad comenz\u00f3 con las palabras del Jefe de la Divisi\u00f3n de Fiscalizaci\u00f3n, Rub\u00e9n Verdugo, quien explic\u00f3 los conceptos b\u00e1sicos que aborda la SMA a la hora de fiscalizar, as\u00ed como tambi\u00e9n la necesidad de transparencia en los actos p\u00fablicos y privados, considerando hoy el escenario digital con ciudadanos cada vez m\u00e1s empoderados. Tambi\u00e9n abord\u00f3 la complejidad que han ido tomando distintas tem\u00e1ticas ambientales, que se han abordado a nivel de los Tribunales Ambientales o la Corte Suprema, lo cual establece nuevos criterios a la hora de evaluar el cumplimiento ambiental.<\/p>\n<p style=\"text-align: justify;\">Posteriormente, Claudia Pastore de la divisi\u00f3n de Fiscalizaci\u00f3n, abord\u00f3 el concepto de \u201cFiscalizaci\u00f3n Ambiental Estrat\u00e9gica\u201d, explicando conceptos utilizados para la gesti\u00f3n interna, como la \u201cUnidad Fiscalizable\u201d, el riesgo ambiental, emplazamiento de los proyectos, entre otros.<\/p>\n<p style=\"text-align: justify;\">La actividad termin\u00f3 con un ejercicio pr\u00e1ctico: en grupos de trabajo se abordaron dos casos de contingencias ambientales reales asociadas al sector de la gran miner\u00eda. As\u00ed, los participantes, pudieron analizar con datos los hallazgos que se encontraron en cada caso, y pudieron definir si se tomar\u00edan medidas provisionales para proteger el medio ambiente y la salud de las personas.<\/p>\n<p style=\"text-align: justify;\">\u201cCon este tipo de talleres, buscamos que las empresas internalicen el criterio de fiscalizaci\u00f3n ambiental estrat\u00e9gica usado por la SMA y que lo utilicen como herramienta de cumplimiento normativo. Este a\u00f1o estamos realizando intensamente talleres con distintos grupos de regulados para incentivar el cumplimiento ambiental, que es un rol fundamental de la Superintendencia\u201d, sostuvo Verdugo al terminar la actividad.<\/p>\n","protected":false},"excerpt":{"rendered":"<p>La actividad busc\u00f3 entregar conceptos clave de la fiscalizaci\u00f3n ambiental estrat\u00e9gica que aplica la Superintendencia. Con esto, se busca que las mineras conozcan y hagan propio el cumplimiento de la normativa.<\/p>\n","protected":false},"author":3,"featured_media":17006,"comment_status":"open","ping_status":"open","sticky":false,"template":"","format":"standard","meta":{"footnotes":""},"categories":[94],"tags":[],"class_list":["post-17007","post","type-post","status-publish","format-standard","has-post-thumbnail","hentry","category-notas-noticias"],"_links":{"self":[{"href":"https:\/\/portal.sma.gob.cl\/index.php\/wp-json\/wp\/v2\/posts\/17007","targetHints":{"allow":["GET"]}}],"collection":[{"href":"https:\/\/portal.sma.gob.cl\/index.php\/wp-json\/wp\/v2\/posts"}],"about":[{"href":"https:\/\/portal.sma.gob.cl\/index.php\/wp-json\/wp\/v2\/types\/post"}],"author":[{"embeddable":true,"href":"https:\/\/portal.sma.gob.cl\/index.php\/wp-json\/wp\/v2\/users\/3"}],"replies":[{"embeddable":true,"href":"https:\/\/portal.sma.gob.cl\/index.php\/wp-json\/wp\/v2\/comments?post=17007"}],"version-history":[{"count":0,"href":"https:\/\/portal.sma.gob.cl\/index.php\/wp-json\/wp\/v2\/posts\/17007\/revisions"}],"wp:featuredmedia":[{"embeddable":true,"href":"https:\/\/portal.sma.gob.cl\/index.php\/wp-json\/wp\/v2\/media\/17006"}],"wp:attachment":[{"href":"https:\/\/portal.sma.gob.cl\/index.php\/wp-json\/wp\/v2\/media?parent=17007"}],"wp:term":[{"taxonomy":"category","embeddable":true,"href":"https:\/\/portal.sma.gob.cl\/index.php\/wp-json\/wp\/v2\/categories?post=17007"},{"taxonomy":"post_tag","embeddable":true,"href":"https:\/\/portal.sma.gob.cl\/index.php\/wp-json\/wp\/v2\/tags?post=17007"}],"curies":[{"name":"wp","href":"https:\/\/api.w.org\/{rel}","templated":true}]}}