{"id":17009,"date":"2018-06-19T20:01:34","date_gmt":"2018-06-19T20:01:34","guid":{"rendered":"https:\/\/portal.sma.gob.cl\/index.php\/2018\/06\/19\/sma-inaugura-oficina-regional-de-arica-y-parinacota\/"},"modified":"2018-06-19T20:01:34","modified_gmt":"2018-06-19T20:01:34","slug":"sma-inaugura-oficina-regional-de-arica-y-parinacota","status":"publish","type":"post","link":"https:\/\/portal.sma.gob.cl\/index.php\/sma-inaugura-oficina-regional-de-arica-y-parinacota\/","title":{"rendered":"SMA inaugura oficina regional de Arica y Parinacota"},"content":{"rendered":"<p style=\"text-align: justify;\"><strong><img decoding=\"async\" class=\"size-auto size-full wp-image-17008\" src=\"https:\/\/portal.sma.gob.cl\/wp-content\/uploads\/2018\/06\/NOTA-inauguracion_Arica.jpg\" alt=\"NOTA-inauguracion Arica\" width=\"760\" height=\"360\" srcset=\"https:\/\/portal.sma.gob.cl\/wp-content\/uploads\/2018\/06\/NOTA-inauguracion_Arica-200x95.jpg 200w, https:\/\/portal.sma.gob.cl\/wp-content\/uploads\/2018\/06\/NOTA-inauguracion_Arica-300x142.jpg 300w, https:\/\/portal.sma.gob.cl\/wp-content\/uploads\/2018\/06\/NOTA-inauguracion_Arica-400x189.jpg 400w, https:\/\/portal.sma.gob.cl\/wp-content\/uploads\/2018\/06\/NOTA-inauguracion_Arica-600x284.jpg 600w, https:\/\/portal.sma.gob.cl\/wp-content\/uploads\/2018\/06\/NOTA-inauguracion_Arica.jpg 760w\" sizes=\"(max-width: 760px) 100vw, 760px\" \/>Esta es la apertura de la oficina n\u00famero 14 de la SMA a nivel nacional. Con esto, mejorar\u00e1 la cobertura de las operaciones de la Superintendencia.<\/strong><\/p>\n<p>  <!--more-->  <\/p>\n<p style=\"text-align: justify;\"><strong>Arica, 19 de junio de 2018.<\/strong> El Superintendente del Medio Ambiente, Cristi\u00e1n Franz, inaugur\u00f3 esta ma\u00f1ana la d\u00e9cimo cuarta oficina regional de la Superintendencia del Medio Ambiente en Arica, capital de la Regi\u00f3n de Arica y Parinacota.<\/p>\n<p style=\"text-align: justify;\">A la ceremonia asisti\u00f3 la Intendenta de la regi\u00f3n, Mar\u00eda Loreto Letelier; el Seremi de Gobierno, V\u00edctor Mardones; el seremi de Miner\u00eda, Mauricio Valencia; el Seremi de OO.PP., Guillermo Beretta; el Seremi de Medio Ambiente, Marcelo Ca\u00f1ipa; el Director Regional del SEA, Mauricio Guti\u00e9rrez, entre diversas autoridades de servicios p\u00fablicos que forman parte de la Red Nacional de Fiscalizaci\u00f3n Ambiental (RENFA).<\/p>\n<p style=\"text-align: justify;\">\u201cHoy estamos dando un gran paso para nuestra instituci\u00f3n y un gran paso para esta Regi\u00f3n, materializando el compromiso que tenemos como Superintendencia del Medio Ambiente, que es la instalaci\u00f3n de oficinas en todas las regiones del pa\u00eds. Arica y Parinacota es la pen\u00faltima inauguraci\u00f3n que realizamos, s\u00f3lo nos queda la Araucan\u00eda el pr\u00f3ximo mes, y podremos decir que hemos cumplido nuestra meta de llevar oficinas a cada zona del pa\u00eds\u201d, dijo Franz al inaugurar el evento.<\/p>\n<p style=\"text-align: justify;\">El Superintendente a\u00f1adi\u00f3 que si bien la SMA opera desde 2013, antes no contaba con un equipo de trabajo en la zona, sino con un fiscalizador. \u201cUna oficina en la regi\u00f3n les permite a los vecinos de Arica, Putre o sus alrededores acercarse a la SMA, no s\u00f3lo a hacer denuncias, sino a informarse de nuestro actuar fiscalizador y sancionador. Obviamente, tambi\u00e9n es un lugar donde empresas y sus representantes encontrar\u00e1n asistencia al cumplimiento\u201d, expres\u00f3 Franz.<\/p>\n<p style=\"text-align: justify;\">En la oportunidad, se present\u00f3 a Tania Gonz\u00e1lez, administradora p\u00fablica con Magister en Gesti\u00f3n y Desarrollo Regional, diplomada en Gerencia P\u00fablica, quien se ha desempe\u00f1ado hace m\u00e1s de 10 a\u00f1os en el \u00e1rea de la planificaci\u00f3n y gesti\u00f3n de los recursos h\u00eddricos. Anteriormente se desempe\u00f1\u00f3 como Directora Regional de Aguas de la Regi\u00f3n de Magallanes durante seis a\u00f1os.<\/p>\n<p style=\"text-align: justify;\">La nueva oficina adem\u00e1s estar\u00e1 conformada por fiscalizadores y una administrativo. La direcci\u00f3n de las dependencias de la SMA es calle 7 de Junio N\u00b0268, oficina 330, Edificio Mirablau, Arica.<\/p>\n<p style=\"text-align: justify;\">Cabe recordar que la SMA es el organismo encargado de la fiscalizaci\u00f3n y sanci\u00f3n ambiental respecto de las Resoluciones de Calificaci\u00f3n Ambiental, las Normas de Emisi\u00f3n, Normas de Calidad y Planes de Descontaminaci\u00f3n.<\/p>\n<h2 style=\"text-align: justify;\">Cifras de la regi\u00f3n de Arica y Parinacota<\/h2>\n<p style=\"text-align: justify;\">En la regi\u00f3n de Arica, desde 2013 a la fecha se han procesado 158 denuncias, donde ruidos molestos se centra como la principal causa de queja a nivel ciudadano. <br \/>A nivel fiscalizador, se han abierto 114 expedientes, de los cuales 59 corresponden a normas de emisi\u00f3n \u2013como la de ruidos molestos o descarga de aguas\u2014 y 49 a proyectos con Resoluciones de Calificaci\u00f3n Ambiental (RCA), y 6 a otros proyectos.<\/p>\n<p style=\"text-align: justify;\">En materia sancionatoria se han iniciado 25 procedimientos, donde el sector equipamiento (43,5%) lidera los casos, seguido por Agroindustria (13%), Miner\u00eda (13%), Pesca y Acuicultura (13%). En total, se han impuesto multas por 4.520 Unidades Tributarias Anuales, equivalentes a $ 2.580 millones.<\/p>\n","protected":false},"excerpt":{"rendered":"<p>Esta es la apertura de la oficina n\u00famero 14 de la SMA a nivel nacional. Con esto, mejorar\u00e1 la cobertura de las operaciones de la Superintendencia.<\/p>\n","protected":false},"author":3,"featured_media":17008,"comment_status":"open","ping_status":"open","sticky":false,"template":"","format":"standard","meta":{"footnotes":""},"categories":[90],"tags":[],"class_list":["post-17009","post","type-post","status-publish","format-standard","has-post-thumbnail","hentry","category-comunicados-noticias"],"_links":{"self":[{"href":"https:\/\/portal.sma.gob.cl\/index.php\/wp-json\/wp\/v2\/posts\/17009","targetHints":{"allow":["GET"]}}],"collection":[{"href":"https:\/\/portal.sma.gob.cl\/index.php\/wp-json\/wp\/v2\/posts"}],"about":[{"href":"https:\/\/portal.sma.gob.cl\/index.php\/wp-json\/wp\/v2\/types\/post"}],"author":[{"embeddable":true,"href":"https:\/\/portal.sma.gob.cl\/index.php\/wp-json\/wp\/v2\/users\/3"}],"replies":[{"embeddable":true,"href":"https:\/\/portal.sma.gob.cl\/index.php\/wp-json\/wp\/v2\/comments?post=17009"}],"version-history":[{"count":0,"href":"https:\/\/portal.sma.gob.cl\/index.php\/wp-json\/wp\/v2\/posts\/17009\/revisions"}],"wp:featuredmedia":[{"embeddable":true,"href":"https:\/\/portal.sma.gob.cl\/index.php\/wp-json\/wp\/v2\/media\/17008"}],"wp:attachment":[{"href":"https:\/\/portal.sma.gob.cl\/index.php\/wp-json\/wp\/v2\/media?parent=17009"}],"wp:term":[{"taxonomy":"category","embeddable":true,"href":"https:\/\/portal.sma.gob.cl\/index.php\/wp-json\/wp\/v2\/categories?post=17009"},{"taxonomy":"post_tag","embeddable":true,"href":"https:\/\/portal.sma.gob.cl\/index.php\/wp-json\/wp\/v2\/tags?post=17009"}],"curies":[{"name":"wp","href":"https:\/\/api.w.org\/{rel}","templated":true}]}}