{"id":17013,"date":"2018-07-03T22:07:46","date_gmt":"2018-07-03T22:07:46","guid":{"rendered":"https:\/\/portal.sma.gob.cl\/index.php\/2018\/07\/03\/sma-realiza-taller-de-norma-luminica-en-la-serena\/"},"modified":"2018-07-03T22:07:46","modified_gmt":"2018-07-03T22:07:46","slug":"sma-realiza-taller-de-norma-luminica-en-la-serena","status":"publish","type":"post","link":"https:\/\/portal.sma.gob.cl\/index.php\/sma-realiza-taller-de-norma-luminica-en-la-serena\/","title":{"rendered":"SMA realiza taller de norma lum\u00ednica en La Serena"},"content":{"rendered":"<p style=\"text-align: justify;\"><strong><img decoding=\"async\" class=\"size-auto size-full wp-image-17012\" src=\"https:\/\/portal.sma.gob.cl\/wp-content\/uploads\/2018\/07\/NOTA-taller_lum%C3%ADnica.jpg\" alt=\"NOTA-taller lum\u00ednica\" width=\"760\" height=\"360\" \/><\/strong><\/p>\n<p style=\"text-align: justify;\"><strong>La actividad cont\u00f3 con la participaci\u00f3n de m\u00e1s de 50 profesionales ligados a los sectores p\u00fablicos y privados que deber\u00e1n cumplir con la normativa, que entra en plena vigencia en mayo de 2019.<\/strong><\/p>\n<p>  <!--more-->  <\/p>\n<p style=\"text-align: justify;\"><strong>La Serena, 28 de junio de 2018.<\/strong> La Oficina Regional de Coquimbo de la Superintendencia del Medio Ambiente (SMA) realiz\u00f3 el taller \u201cNorma de Emisi\u00f3n Lum\u00ednica, disposiciones que deben cumplir los regulados\u201d, con una gran asistencia de m\u00e1s de 50 personas. La actividad se desarroll\u00f3 en el auditorio de la Seremi de Agricultura de la regi\u00f3n y participaron representantes del sector p\u00fablico afecto a esta norma, como son municipalidades, ministerios, MOP; y del sector privado, como empresas mineras, consultoras ambientales y concesionarias de infraestructura vial.<br \/>La actividad fue inaugurada por Julio N\u00fa\u00f1ez Naranjo, jefe de la Oficina Regional de la SMA en Coquimbo, quien expres\u00f3: \u201cEsta instancia forma parte del programa anual de talleres que buscan promover el cumplimiento ambiental, incentivando y facilitando la comprensi\u00f3n de la normativa. En este caso, el D.S. 43 de 2012, conocido popularmente como Norma Lum\u00ednica, y que entra en plena vigencia en mayo de 2019, lo que en la pr\u00e1ctica se traduce en que todas las luminarias de alumbrados exteriores existentes antes del mes de Mayo de 2014, tambi\u00e9n deber\u00e1n cumplir con la normativa; por lo que es crucial la presencia de regulados del sector p\u00fablico y privado que tenemos hoy ac\u00e1, ya que las luminarias existentes deber\u00e1n cumplir a cabalidad con la normativa y nosotros, como SMA, estaremos fiscalizando y sancionando cuando se encuentren incumplimientos\u201d. <br \/>Posteriormente, sigui\u00f3 la exposici\u00f3n de Guillermo Blanc de la Sociedad Chilena de Astronom\u00eda, llamada \u201cProtegiendo los cielos del norte\u201d, quien realiz\u00f3 una explicaci\u00f3n respecto de la importancia de la norma, y que busca preservar la oscuridad de los cielos, debido a que \u201cChile es la capital mundial de la astronom\u00eda\u201d. Esto, porque el pa\u00eds abarcar\u00e1 un 70% de las capacidades mundiales de inversi\u00f3n astron\u00f3mica, con unos US$ 7.000 millones de inversi\u00f3n en el desarrollo de observatorios al a\u00f1o 2025.<br \/>Luego el taller incluy\u00f3 una explicaci\u00f3n del D.S. 43\/2012 por parte de Sergio Troncoso, profesional de la Secci\u00f3n de Pol\u00edticas y Regulaci\u00f3n Ambiental de la Seremi de Medio Ambiente de Coquimbo. <br \/>De inmediato, Felipe Loaiza, profesional de la Divisi\u00f3n de Fiscalizaci\u00f3n de la SMA, explic\u00f3 c\u00f3mo se realiza el proceso de fiscalizaci\u00f3n de cumplimiento de la normativa, ya sea en luminarias p\u00fablicas o de proyectos privados. En ese sentido, detall\u00f3 algunas excepciones a la normativa, como las luminarias de veh\u00edculos motorizados, luces de emergencia o la iluminaci\u00f3n ornamental para festividades. A la vez, explic\u00f3 los l\u00edmites de emisi\u00f3n para iluminancia de pantallas de avisos publicitarios, los l\u00edmites de emisi\u00f3n por reflexi\u00f3n para el alumbrado p\u00fablico, y los l\u00edmites de emisi\u00f3n de radiancia espectral, entre otros.<br \/>La charla prosigui\u00f3 con una exposici\u00f3n sobre la \u201cImplementaci\u00f3n de proyectos para el cumplimiento del D.S. 43\u201d dictado por Pedro Sanhueza, de la Oficina para la Protecci\u00f3n de la Calidad del Cielo del Norte de Chile, OPCC. En este sentido, se explic\u00f3 c\u00f3mo debe operar la iluminaci\u00f3n exterior en edificios, plazas o proyectos mineros.<br \/>La actividad finaliz\u00f3 con un taller en terreno, donde los participantes pudieron ver c\u00f3mo se realiza la medici\u00f3n t\u00e9cnica en terreno para analizar la iluminancia de luminarias p\u00fablicas, con el fin de mostrar en la pr\u00e1ctica c\u00f3mo debe realizarse correctamente una instalaci\u00f3n que cumpla con la normativa.<\/p>\n","protected":false},"excerpt":{"rendered":"<p>La actividad cont\u00f3 con la participaci\u00f3n de m\u00e1s de 50 profesionales ligados a los sectores p\u00fablicos y privados que deber\u00e1n cumplir con la normativa, que entra en plena vigencia en mayo de 2019.<\/p>\n","protected":false},"author":3,"featured_media":17012,"comment_status":"open","ping_status":"open","sticky":false,"template":"","format":"standard","meta":{"footnotes":""},"categories":[94],"tags":[],"class_list":["post-17013","post","type-post","status-publish","format-standard","has-post-thumbnail","hentry","category-notas-noticias"],"_links":{"self":[{"href":"https:\/\/portal.sma.gob.cl\/index.php\/wp-json\/wp\/v2\/posts\/17013","targetHints":{"allow":["GET"]}}],"collection":[{"href":"https:\/\/portal.sma.gob.cl\/index.php\/wp-json\/wp\/v2\/posts"}],"about":[{"href":"https:\/\/portal.sma.gob.cl\/index.php\/wp-json\/wp\/v2\/types\/post"}],"author":[{"embeddable":true,"href":"https:\/\/portal.sma.gob.cl\/index.php\/wp-json\/wp\/v2\/users\/3"}],"replies":[{"embeddable":true,"href":"https:\/\/portal.sma.gob.cl\/index.php\/wp-json\/wp\/v2\/comments?post=17013"}],"version-history":[{"count":0,"href":"https:\/\/portal.sma.gob.cl\/index.php\/wp-json\/wp\/v2\/posts\/17013\/revisions"}],"wp:featuredmedia":[{"embeddable":true,"href":"https:\/\/portal.sma.gob.cl\/index.php\/wp-json\/wp\/v2\/media\/17012"}],"wp:attachment":[{"href":"https:\/\/portal.sma.gob.cl\/index.php\/wp-json\/wp\/v2\/media?parent=17013"}],"wp:term":[{"taxonomy":"category","embeddable":true,"href":"https:\/\/portal.sma.gob.cl\/index.php\/wp-json\/wp\/v2\/categories?post=17013"},{"taxonomy":"post_tag","embeddable":true,"href":"https:\/\/portal.sma.gob.cl\/index.php\/wp-json\/wp\/v2\/tags?post=17013"}],"curies":[{"name":"wp","href":"https:\/\/api.w.org\/{rel}","templated":true}]}}