{"id":17021,"date":"2018-07-09T16:41:31","date_gmt":"2018-07-09T16:41:31","guid":{"rendered":"https:\/\/portal.sma.gob.cl\/index.php\/2018\/07\/09\/sma-realiza-taller-de-cumplimiento-ambiental-para-empresas-de-la-sonami\/"},"modified":"2018-07-09T16:41:31","modified_gmt":"2018-07-09T16:41:31","slug":"sma-realiza-taller-de-cumplimiento-ambiental-para-empresas-de-la-sonami","status":"publish","type":"post","link":"https:\/\/portal.sma.gob.cl\/index.php\/sma-realiza-taller-de-cumplimiento-ambiental-para-empresas-de-la-sonami\/","title":{"rendered":"SMA REALIZA TALLER DE CUMPLIMIENTO AMBIENTAL PARA EMPRESAS DE LA SONAMI"},"content":{"rendered":"<p><strong><img decoding=\"async\" class=\"size-auto size-full wp-image-17020\" src=\"https:\/\/portal.sma.gob.cl\/wp-content\/uploads\/2018\/07\/nota-Sonami.jpg\" alt=\"nota-Sonami\" width=\"760\" height=\"360\" srcset=\"https:\/\/portal.sma.gob.cl\/wp-content\/uploads\/2018\/07\/nota-Sonami-200x95.jpg 200w, https:\/\/portal.sma.gob.cl\/wp-content\/uploads\/2018\/07\/nota-Sonami-300x142.jpg 300w, https:\/\/portal.sma.gob.cl\/wp-content\/uploads\/2018\/07\/nota-Sonami-400x189.jpg 400w, https:\/\/portal.sma.gob.cl\/wp-content\/uploads\/2018\/07\/nota-Sonami-600x284.jpg 600w, https:\/\/portal.sma.gob.cl\/wp-content\/uploads\/2018\/07\/nota-Sonami.jpg 760w\" sizes=\"(max-width: 760px) 100vw, 760px\" \/><\/strong><\/p>\n<p style=\"text-align: justify;\"><strong><strong style=\"font-size: 12.16px;\">La actividad busc\u00f3 entregar conceptos clave de la fiscalizaci\u00f3n ambiental estrat\u00e9gica que aplica la Superintendencia. Con esto, se busca que la peque\u00f1a, mediana y gran miner\u00eda conozcan y hagan propio el cumplimiento de la normativa.<\/strong><\/strong><\/p>\n<p>  <!--more-->  <\/p>\n<p style=\"text-align: justify;\"><strong>Santiago, 09 de julio de 2018.<\/strong> En dependencias de La Sociedad Nacional de Miner\u00eda (SONAMI) se desarroll\u00f3 el jueves 05 de julio un taller de promoci\u00f3n al cumplimiento de la normativa ambiental realizado por la Superintendencia del Medio Ambiente (SMA) para las compa\u00f1\u00edas asociadas al gremio minero. En la actividad participaron cerca de 25 representantes de empresas cupr\u00edferas, cuyas operaciones est\u00e1n reguladas por uno o m\u00e1s Instrumentos de Gesti\u00f3n Ambiental que deben ser fiscalizados por la SMA.<\/p>\n<p style=\"text-align: justify;\">La actividad comenz\u00f3 con las palabras del Jefe de la Divisi\u00f3n de Fiscalizaci\u00f3n, Rub\u00e9n Verdugo, quien explic\u00f3 los conceptos b\u00e1sicos que aborda la SMA a la hora de fiscalizar, as\u00ed como tambi\u00e9n la necesidad de transparencia en los actos p\u00fablicos y privados, considerando hoy el escenario digital con ciudadanos cada vez m\u00e1s empoderados. Tambi\u00e9n abord\u00f3 la complejidad que han ido tomando distintas tem\u00e1ticas ambientales, que se han abordado a nivel de los Tribunales Ambientales o la Corte Suprema, lo cual establece nuevos criterios a la hora de evaluar el cumplimiento ambiental.<\/p>\n<p style=\"text-align: justify;\">A continuaci\u00f3n, M\u00f3nica Vergara, Encargada de la Secci\u00f3n de Acreditaci\u00f3n de Terceros, aclar\u00f3 las principales dudas planteadas por los asistentes, que estuvieron focalizadas en los tiempos de respuestas por parte de los laboratorios y en los resultados de las mediciones realizados por Entidades T\u00e9cnicas de Fiscalizaci\u00f3n Ambiental (ETFA).<br \/>Posteriormente, Paola Jara y Patricio Walker de la divisi\u00f3n de Fiscalizaci\u00f3n, explicaron el concepto de \u201cFiscalizaci\u00f3n Ambiental Estrat\u00e9gica\u201d, revisando conceptos utilizados para la gesti\u00f3n interna, como la \u201cUnidad Fiscalizable\u201d, el riesgo ambiental, emplazamiento de los proyectos, entre otros.<\/p>\n<p style=\"text-align: justify;\">La actividad termin\u00f3 con un ejercicio pr\u00e1ctico: en grupos de trabajo se abordaron tres casos de contingencias ambientales reales asociadas al sector minero. As\u00ed, los participantes, pudieron analizar con datos los hallazgos que se encontraron en cada caso, y pudieron definir si se tomar\u00edan medidas provisionales para proteger el medio ambiente y la salud de las personas.<\/p>\n<p style=\"text-align: justify;\">\u201cCon este tipo de talleres, buscamos que las empresas internalicen el criterio de fiscalizaci\u00f3n ambiental estrat\u00e9gica usado por la SMA y que lo utilicen como herramienta de cumplimiento normativo. Este a\u00f1o estamos realizando intensamente talleres con distintos grupos de regulados para incentivar el cumplimiento ambiental, que es un rol fundamental de la Superintendencia\u201d, sostuvo Verdugo al terminar la actividad.<\/p>\n","protected":false},"excerpt":{"rendered":"<p>La actividad busc\u00f3 entregar conceptos clave de la fiscalizaci\u00f3n ambiental estrat\u00e9gica que aplica la Superintendencia. Con esto, se busca que la peque\u00f1a, mediana y gran miner\u00eda conozcan y hagan propio el cumplimiento de la normativa.<\/p>\n","protected":false},"author":3,"featured_media":17020,"comment_status":"open","ping_status":"open","sticky":false,"template":"","format":"standard","meta":{"footnotes":""},"categories":[94],"tags":[],"class_list":["post-17021","post","type-post","status-publish","format-standard","has-post-thumbnail","hentry","category-notas-noticias"],"_links":{"self":[{"href":"https:\/\/portal.sma.gob.cl\/index.php\/wp-json\/wp\/v2\/posts\/17021","targetHints":{"allow":["GET"]}}],"collection":[{"href":"https:\/\/portal.sma.gob.cl\/index.php\/wp-json\/wp\/v2\/posts"}],"about":[{"href":"https:\/\/portal.sma.gob.cl\/index.php\/wp-json\/wp\/v2\/types\/post"}],"author":[{"embeddable":true,"href":"https:\/\/portal.sma.gob.cl\/index.php\/wp-json\/wp\/v2\/users\/3"}],"replies":[{"embeddable":true,"href":"https:\/\/portal.sma.gob.cl\/index.php\/wp-json\/wp\/v2\/comments?post=17021"}],"version-history":[{"count":0,"href":"https:\/\/portal.sma.gob.cl\/index.php\/wp-json\/wp\/v2\/posts\/17021\/revisions"}],"wp:featuredmedia":[{"embeddable":true,"href":"https:\/\/portal.sma.gob.cl\/index.php\/wp-json\/wp\/v2\/media\/17020"}],"wp:attachment":[{"href":"https:\/\/portal.sma.gob.cl\/index.php\/wp-json\/wp\/v2\/media?parent=17021"}],"wp:term":[{"taxonomy":"category","embeddable":true,"href":"https:\/\/portal.sma.gob.cl\/index.php\/wp-json\/wp\/v2\/categories?post=17021"},{"taxonomy":"post_tag","embeddable":true,"href":"https:\/\/portal.sma.gob.cl\/index.php\/wp-json\/wp\/v2\/tags?post=17021"}],"curies":[{"name":"wp","href":"https:\/\/api.w.org\/{rel}","templated":true}]}}