{"id":17029,"date":"2018-07-12T19:32:59","date_gmt":"2018-07-12T19:32:59","guid":{"rendered":"https:\/\/portal.sma.gob.cl\/index.php\/2018\/07\/12\/region-de-los-rios-sma-realiza-taller-de-promocion-al-cumplimiento-para-el-sector-energia\/"},"modified":"2018-07-12T19:32:59","modified_gmt":"2018-07-12T19:32:59","slug":"region-de-los-rios-sma-realiza-taller-de-promocion-al-cumplimiento-para-el-sector-energia","status":"publish","type":"post","link":"https:\/\/portal.sma.gob.cl\/index.php\/region-de-los-rios-sma-realiza-taller-de-promocion-al-cumplimiento-para-el-sector-energia\/","title":{"rendered":"REGI\u00d3N DE LOS R\u00cdOS: SMA realiza taller de promoci\u00f3n al cumplimiento para el sector energ\u00eda"},"content":{"rendered":"<p style=\"text-align: justify;\"><strong><img decoding=\"async\" class=\"size-auto size-full wp-image-17028\" src=\"https:\/\/portal.sma.gob.cl\/wp-content\/uploads\/2018\/07\/NOTA-tallerValdiviaEnerg%C3%ADa.jpg\" alt=\"NOTA-tallerValdiviaEnerg\u00eda\" width=\"760\" height=\"360\" \/><\/strong><\/p>\n<p style=\"text-align: justify;\"><strong>La actividad fue inaugurada por el Jefe Regional de la SMA, Eduardo Rodr\u00edguez, y particip\u00f3 el Seremi de Energ\u00eda, Felipe Porflit y el Seremi de Medio Ambiente, Daniel del Campo.<\/strong><\/p>\n<p>  <!--more-->  <\/p>\n<p style=\"text-align: justify;\"><strong>Valdivia, 10 de julio de 2018.<\/strong> La Oficina Regional de Los R\u00edos de la Superintendencia del Medio Ambiente (SMA) organiz\u00f3 un taller de \u201cAsistencia y Promoci\u00f3n del Cumplimiento Ambiental para el sector energ\u00e9tico\u201d, el cual se llev\u00f3 a cabo en el auditorio de la Contralor\u00eda Regional de Valdivia. En la jornada participaron 24 profesionales ligados al sector de generaci\u00f3n y transmisi\u00f3n de energ\u00eda.<\/p>\n<p style=\"text-align: justify;\">La actividad comenz\u00f3 con una exposici\u00f3n del Seremi de Energ\u00eda Felipe Porflit quien explic\u00f3 las funciones respecto a la tramitaci\u00f3n ambiental de proyectos de generaci\u00f3n y transmisi\u00f3n de esa cartera, como sus principales ejes estrat\u00e9gicos. Luego continu\u00f3 con la exposici\u00f3n del Jefe de la SMA Eduardo Rodr\u00edguez, sobre las competencias de la SMA, su organizaci\u00f3n, y r\u00e9gimen de fiscalizaci\u00f3n y sanci\u00f3n, y termin\u00f3 con la presentaci\u00f3n del profesional Victor Delgado de la Secci\u00f3n T\u00e9cnica de la SMA acerca de la fiscalizaci\u00f3n ambiental estrat\u00e9gica en el \u00e1mbito de los proyectos de energ\u00eda.<\/p>\n<p style=\"text-align: justify;\">El jefe regional de la SMA, Eduardo Rodr\u00edguez, destac\u00f3 sobre esta actividad: \u201cesta instancia busca entregar informaci\u00f3n clave respecto de la fiscalizaci\u00f3n y del r\u00e9gimen sancionatorio de la SMA a las empresas reguladas por nuestro organismo. Es parte importante de la promoci\u00f3n al cumplimiento que tenemos que realizar como instituci\u00f3n y nos alegra la alta convocatoria que tuvimos\u201d. La actividad tambi\u00e9n cont\u00f3 con las palabras del Seremi de Medio Ambiente, Daniel del Campo, y el Seremi de Energ\u00eda, Felipe Porflit, quienes recalcaron la importancia de la realizaci\u00f3n de este tipo de talleres, pues permite a la comunidad regulada conocer la labor de la Superintendencia y resolver dudas.<\/p>\n<p style=\"text-align: justify;\">El taller termin\u00f3 con una ronda de preguntas de los participantes en el evento, los cuales pudieron resolver sus dudas respecto de las materias abordadas en el taller y tambi\u00e9n respecto de distintas contingencias que se presentan en las operaciones diarias de sus empresas.<\/p>\n","protected":false},"excerpt":{"rendered":"<p>La actividad fue inaugurada por el Jefe Regional de la SMA, Eduardo Rodr\u00edguez, y particip\u00f3 el Seremi de Energ\u00eda, Felipe Porflit y el Seremi de Medio Ambiente, Daniel del Campo.<\/p>\n","protected":false},"author":3,"featured_media":17028,"comment_status":"open","ping_status":"open","sticky":false,"template":"","format":"standard","meta":{"footnotes":""},"categories":[94],"tags":[],"class_list":["post-17029","post","type-post","status-publish","format-standard","has-post-thumbnail","hentry","category-notas-noticias"],"_links":{"self":[{"href":"https:\/\/portal.sma.gob.cl\/index.php\/wp-json\/wp\/v2\/posts\/17029","targetHints":{"allow":["GET"]}}],"collection":[{"href":"https:\/\/portal.sma.gob.cl\/index.php\/wp-json\/wp\/v2\/posts"}],"about":[{"href":"https:\/\/portal.sma.gob.cl\/index.php\/wp-json\/wp\/v2\/types\/post"}],"author":[{"embeddable":true,"href":"https:\/\/portal.sma.gob.cl\/index.php\/wp-json\/wp\/v2\/users\/3"}],"replies":[{"embeddable":true,"href":"https:\/\/portal.sma.gob.cl\/index.php\/wp-json\/wp\/v2\/comments?post=17029"}],"version-history":[{"count":0,"href":"https:\/\/portal.sma.gob.cl\/index.php\/wp-json\/wp\/v2\/posts\/17029\/revisions"}],"wp:featuredmedia":[{"embeddable":true,"href":"https:\/\/portal.sma.gob.cl\/index.php\/wp-json\/wp\/v2\/media\/17028"}],"wp:attachment":[{"href":"https:\/\/portal.sma.gob.cl\/index.php\/wp-json\/wp\/v2\/media?parent=17029"}],"wp:term":[{"taxonomy":"category","embeddable":true,"href":"https:\/\/portal.sma.gob.cl\/index.php\/wp-json\/wp\/v2\/categories?post=17029"},{"taxonomy":"post_tag","embeddable":true,"href":"https:\/\/portal.sma.gob.cl\/index.php\/wp-json\/wp\/v2\/tags?post=17029"}],"curies":[{"name":"wp","href":"https:\/\/api.w.org\/{rel}","templated":true}]}}