{"id":17041,"date":"2018-07-25T16:18:30","date_gmt":"2018-07-25T16:18:30","guid":{"rendered":"https:\/\/portal.sma.gob.cl\/index.php\/2018\/07\/25\/sma-realiza-taller-con-asociacion-de-industriales-de-antofagasta\/"},"modified":"2018-07-25T16:18:30","modified_gmt":"2018-07-25T16:18:30","slug":"sma-realiza-taller-con-asociacion-de-industriales-de-antofagasta","status":"publish","type":"post","link":"https:\/\/portal.sma.gob.cl\/index.php\/sma-realiza-taller-con-asociacion-de-industriales-de-antofagasta\/","title":{"rendered":"SMA realiza taller con Asociaci\u00f3n de Industriales de Antofagasta"},"content":{"rendered":"<p><strong><img decoding=\"async\" class=\"size-auto size-full wp-image-17040\" src=\"https:\/\/portal.sma.gob.cl\/wp-content\/uploads\/2018\/07\/NOTA_Taller_Antofagasta.jpg\" alt=\"NOTA Taller Antofagasta\" width=\"680\" height=\"375\" srcset=\"https:\/\/portal.sma.gob.cl\/wp-content\/uploads\/2018\/07\/NOTA_Taller_Antofagasta-200x110.jpg 200w, https:\/\/portal.sma.gob.cl\/wp-content\/uploads\/2018\/07\/NOTA_Taller_Antofagasta-300x165.jpg 300w, https:\/\/portal.sma.gob.cl\/wp-content\/uploads\/2018\/07\/NOTA_Taller_Antofagasta-400x221.jpg 400w, https:\/\/portal.sma.gob.cl\/wp-content\/uploads\/2018\/07\/NOTA_Taller_Antofagasta-600x331.jpg 600w, https:\/\/portal.sma.gob.cl\/wp-content\/uploads\/2018\/07\/NOTA_Taller_Antofagasta.jpg 680w\" sizes=\"(max-width: 680px) 100vw, 680px\" \/><\/strong><\/p>\n<p><strong>M\u00e1s de 20 profesionales se capacitaron respecto del rol fiscalizador de la Superintendencia, como tambi\u00e9n en materias relacionadas con las ETFA y cifras regionales.<\/strong><\/p>\n<p>  <!--more-->  <\/p>\n<p style=\"text-align: justify;\"><strong>Antofagasta, 19 de julio de 2018<\/strong>. La Oficina Regional de Antofagasta de la Superintendencia del Medio Ambiente (SMA) organiz\u00f3 un taller para la Asociaci\u00f3n de Industriales de Antofagasta (AIA) el cual se llev\u00f3 a cabo en las instalaciones de dicho gremio, con el fin de promover el cumplimiento ambiental de sus asociados.<\/p>\n<p style=\"text-align: justify;\">En el taller se abordaron conceptos como la Fiscalizaci\u00f3n Ambiental Estrat\u00e9gica, la \u201cUnidad Fiscalizable\u201d y el Sistema de Entidades T\u00e9cnicas de Fiscalizaci\u00f3n Ambiental (ETFA). Asimismo, se revisaron las cifras de la regi\u00f3n. En ellas, se observa que el 29% de las Resoluciones de Calificaci\u00f3n Ambiental (RCA) pertenecen al sector minero, seguido m\u00e1s abajo por el energ\u00e9tico.<\/p>\n<p style=\"text-align: justify;\">La Jefa de la Oficina Regional, Sandra Cortez, realiz\u00f3 un repaso respecto de las fiscalizaciones realizadas en la zona. Explic\u00f3 que el 85% de las Unidades Fiscalizables complejas, que cuentan con 6 RCA o m\u00e1s, han sido fiscalizadas desde 2013 a la fecha. En cuanto a los hallazgos encontrados en los procesos de fiscalizaci\u00f3n, la categor\u00eda \u201cflora y fauna\u201d es la que presenta m\u00e1s incumplimientos (19%), seguido por emisiones atmosf\u00e9ricas (18%).<\/p>\n<p style=\"text-align: justify;\">\u201cUna importante labor que realizamos como oficina es difundir el rol de la Superintendencia y entregar informaci\u00f3n clave para el cumplimiento ambiental de las empresas. Nuestro rol no s\u00f3lo es fiscalizar y sancionar, sino que promover el cumplimiento explicando la normativa, mostrando cifras, y en general todo lo que permita mejorar la comprensi\u00f3n de los titulares respecto de sus obligaciones normativas\u201d, explic\u00f3 Sandra Cortez al finalizar el taller.<\/p>\n","protected":false},"excerpt":{"rendered":"<p>M\u00e1s de 20 profesionales se capacitaron respecto del rol fiscalizador de la Superintendencia, como tambi\u00e9n en materias relacionadas con las ETFA y cifras regionales.<\/p>\n","protected":false},"author":3,"featured_media":17039,"comment_status":"open","ping_status":"open","sticky":false,"template":"","format":"standard","meta":{"footnotes":""},"categories":[94],"tags":[],"class_list":["post-17041","post","type-post","status-publish","format-standard","has-post-thumbnail","hentry","category-notas-noticias"],"_links":{"self":[{"href":"https:\/\/portal.sma.gob.cl\/index.php\/wp-json\/wp\/v2\/posts\/17041","targetHints":{"allow":["GET"]}}],"collection":[{"href":"https:\/\/portal.sma.gob.cl\/index.php\/wp-json\/wp\/v2\/posts"}],"about":[{"href":"https:\/\/portal.sma.gob.cl\/index.php\/wp-json\/wp\/v2\/types\/post"}],"author":[{"embeddable":true,"href":"https:\/\/portal.sma.gob.cl\/index.php\/wp-json\/wp\/v2\/users\/3"}],"replies":[{"embeddable":true,"href":"https:\/\/portal.sma.gob.cl\/index.php\/wp-json\/wp\/v2\/comments?post=17041"}],"version-history":[{"count":0,"href":"https:\/\/portal.sma.gob.cl\/index.php\/wp-json\/wp\/v2\/posts\/17041\/revisions"}],"wp:featuredmedia":[{"embeddable":true,"href":"https:\/\/portal.sma.gob.cl\/index.php\/wp-json\/wp\/v2\/media\/17039"}],"wp:attachment":[{"href":"https:\/\/portal.sma.gob.cl\/index.php\/wp-json\/wp\/v2\/media?parent=17041"}],"wp:term":[{"taxonomy":"category","embeddable":true,"href":"https:\/\/portal.sma.gob.cl\/index.php\/wp-json\/wp\/v2\/categories?post=17041"},{"taxonomy":"post_tag","embeddable":true,"href":"https:\/\/portal.sma.gob.cl\/index.php\/wp-json\/wp\/v2\/tags?post=17041"}],"curies":[{"name":"wp","href":"https:\/\/api.w.org\/{rel}","templated":true}]}}