{"id":17053,"date":"2018-07-31T18:53:24","date_gmt":"2018-07-31T18:53:24","guid":{"rendered":"https:\/\/portal.sma.gob.cl\/index.php\/2018\/07\/31\/sma-inaugura-oficina-regional-de-la-araucania\/"},"modified":"2018-07-31T18:53:24","modified_gmt":"2018-07-31T18:53:24","slug":"sma-inaugura-oficina-regional-de-la-araucania","status":"publish","type":"post","link":"https:\/\/portal.sma.gob.cl\/index.php\/sma-inaugura-oficina-regional-de-la-araucania\/","title":{"rendered":"SMA inaugura oficina regional de La Araucan\u00eda"},"content":{"rendered":"<p style=\"text-align: justify;\"><img decoding=\"async\" class=\"size-auto size-full wp-image-17052\" src=\"https:\/\/portal.sma.gob.cl\/wp-content\/uploads\/2018\/07\/Nota-Inauguraci%C3%B3nTEMUCOOK.jpg\" alt=\"Nota-Inauguraci\u00f3nTEMUCOOK\" width=\"760\" height=\"360\" \/><\/p>\n<p style=\"text-align: justify;\"><strong>Esta es la apertura de la oficina regional n\u00famero 15 de la SMA a nivel nacional. Con esto mejorar\u00e1 la cobertura de las operaciones de la Superintendencia.<\/strong><\/p>\n<p>  <!--more-->  <\/p>\n<p style=\"text-align: justify;\"><strong>Temuco, 31 de julio de 2018.<\/strong> El Superintendente del Medio Ambiente, Cristi\u00e1n Franz, inaugur\u00f3 esta ma\u00f1ana la d\u00e9cimo quinta oficina regional de la Superintendencia del Medio Ambiente en Temuco, capital de la Regi\u00f3n de La Araucan\u00eda. Con esto, se completa la instalaci\u00f3n de la SMA en todas las capitales regionales del pa\u00eds.<\/p>\n<p style=\"text-align: justify;\">A la ceremonia asistieron el Director Ejecutivo del Servicio de Evaluaci\u00f3n ambiental, Hern\u00e1n Br\u00fccher, la Seremi de Medio Ambiente de la Araucan\u00eda, Andrea Flies, y diversas autoridades y profesionales de los servicios que forman parte de la Red Nacional de Fiscalizaci\u00f3n Ambiental (RENFA).<\/p>\n<p style=\"text-align: justify;\">\u201cPuedo decir con mucho orgullo que hoy estamos dando un gran paso para nuestra Superintendencia: hemos cumplido con la meta de llevar oficinas regionales a cada regi\u00f3n del pa\u00eds. Ha sido un trabajo arduo, que ha involucrado recursos materiales, pero sobre todo humanos, ya que hemos casi triplicado la cantidad de funcionarios de la SMA en cuatro a\u00f1os\u201d, dijo Franz al inaugurar el evento.<\/p>\n<p style=\"text-align: justify;\">El Superintendente a\u00f1adi\u00f3 que si bien la SMA opera desde 2013 en todo Chile, en La Araucan\u00eda antes no contaba con un equipo de trabajo en la zona, sino solamente con un fiscalizador. \u201cUna oficina en la regi\u00f3n les permite a los vecinos de Temuco, Puc\u00f3n, Padre Las Casas o sus alrededores acercarse a la SMA, no s\u00f3lo a hacer denuncias, sino a informarse de nuestro actuar fiscalizador y sancionador. Obviamente, tambi\u00e9n es un lugar donde empresas y sus representantes encontrar\u00e1n asistencia al cumplimiento\u201d, expres\u00f3 Franz.<\/p>\n<p style=\"text-align: justify;\">En la oportunidad, se present\u00f3 al nuevo Jefe Regional De La Araucan\u00eda, Luis Ramiro Mu\u00f1oz Fonsesa, Ingeniero Ambiental de la Universidad de la Frontera (UFRO) y quien cuenta con un post\u00edtulo en Gesti\u00f3n Ambiental de la Universidad Cat\u00f3lica de Temuco. Mu\u00f1oz se desempe\u00f1\u00f3 previamente como fiscalizador sector Sanitario e Industrial de la Superintendencia de Servicios Sanitarios (SISS).<\/p>\n<p style=\"text-align: justify;\">La nueva oficina adem\u00e1s estar\u00e1 conformada por fiscalizadores, y la direcci\u00f3n de las dependencias de la SMA es calle San Mart\u00edn N\u00b0745, oficina 604, Edificio Uno, Temuco.<\/p>\n<p style=\"text-align: justify;\">Cabe recordar que la SMA es el organismo encargado de la fiscalizaci\u00f3n y sanci\u00f3n ambiental respecto de las Resoluciones de Calificaci\u00f3n Ambiental, las Normas de Emisi\u00f3n, Normas de Calidad y Planes de Descontaminaci\u00f3n.<\/p>\n<h2 style=\"text-align: justify;\">Cifras de la regi\u00f3n de La Araucan\u00eda<\/h2>\n<p style=\"text-align: justify;\">En la regi\u00f3n de La Araucan\u00eda, desde 2013 a la fecha se han procesado 432 denuncias, donde ruidos molestos se centra como la principal causa de queja a nivel ciudadano.<\/p>\n<p style=\"text-align: justify;\">A nivel fiscalizador, en la regi\u00f3n se cuenta con casi 2.300 expedientes de fiscalizaci\u00f3n. La gran mayor\u00eda de ellos (2.173) corresponden a reportes de normas de emisi\u00f3n (como la de Residuos L\u00edquidos Industriales); seguido por fiscalizaciones del Plan de Descontaminaci\u00f3n de Temuco y Padre Las Casas (62 casos); y 44 inspecciones a proyectos con Resoluci\u00f3n de Calificaci\u00f3n Ambiental.<\/p>\n<p style=\"text-align: justify;\">En materia sancionatoria se han iniciado 113 procedimientos, donde el sector equipamiento (50%) lidera los casos, mayormente asociados a incumplimientos al Plan de Descontaminaci\u00f3n de Temuco y Padre Las Casas.<\/p>\n","protected":false},"excerpt":{"rendered":"<p>Esta es la apertura de la oficina regional n\u00famero 15 de la SMA a nivel nacional. Con esto mejorar\u00e1 la cobertura de las operaciones de la Superintendencia.<\/p>\n","protected":false},"author":3,"featured_media":17052,"comment_status":"open","ping_status":"open","sticky":false,"template":"","format":"standard","meta":{"footnotes":""},"categories":[90],"tags":[],"class_list":["post-17053","post","type-post","status-publish","format-standard","has-post-thumbnail","hentry","category-comunicados-noticias"],"_links":{"self":[{"href":"https:\/\/portal.sma.gob.cl\/index.php\/wp-json\/wp\/v2\/posts\/17053","targetHints":{"allow":["GET"]}}],"collection":[{"href":"https:\/\/portal.sma.gob.cl\/index.php\/wp-json\/wp\/v2\/posts"}],"about":[{"href":"https:\/\/portal.sma.gob.cl\/index.php\/wp-json\/wp\/v2\/types\/post"}],"author":[{"embeddable":true,"href":"https:\/\/portal.sma.gob.cl\/index.php\/wp-json\/wp\/v2\/users\/3"}],"replies":[{"embeddable":true,"href":"https:\/\/portal.sma.gob.cl\/index.php\/wp-json\/wp\/v2\/comments?post=17053"}],"version-history":[{"count":0,"href":"https:\/\/portal.sma.gob.cl\/index.php\/wp-json\/wp\/v2\/posts\/17053\/revisions"}],"wp:featuredmedia":[{"embeddable":true,"href":"https:\/\/portal.sma.gob.cl\/index.php\/wp-json\/wp\/v2\/media\/17052"}],"wp:attachment":[{"href":"https:\/\/portal.sma.gob.cl\/index.php\/wp-json\/wp\/v2\/media?parent=17053"}],"wp:term":[{"taxonomy":"category","embeddable":true,"href":"https:\/\/portal.sma.gob.cl\/index.php\/wp-json\/wp\/v2\/categories?post=17053"},{"taxonomy":"post_tag","embeddable":true,"href":"https:\/\/portal.sma.gob.cl\/index.php\/wp-json\/wp\/v2\/tags?post=17053"}],"curies":[{"name":"wp","href":"https:\/\/api.w.org\/{rel}","templated":true}]}}