{"id":17059,"date":"2018-08-08T17:08:09","date_gmt":"2018-08-08T17:08:09","guid":{"rendered":"https:\/\/portal.sma.gob.cl\/index.php\/2018\/08\/08\/superintendente-realiza-visita-inspectiva-a-codelco-norte\/"},"modified":"2018-12-20T16:18:39","modified_gmt":"2018-12-20T16:18:39","slug":"superintendente-realiza-visita-inspectiva-a-codelco-norte","status":"publish","type":"post","link":"https:\/\/portal.sma.gob.cl\/index.php\/superintendente-realiza-visita-inspectiva-a-codelco-norte\/","title":{"rendered":"Superintendente realiza visita inspectiva a Codelco Norte"},"content":{"rendered":"<p style=\"text-align: justify;\">\n<p style=\"text-align: justify;\"><strong>Junto a un equipo de la Divisi\u00f3n de Fiscalizaci\u00f3n, el Superintendente Cristi\u00e1n Franz, recorri\u00f3 el Distrito Norte de Codelco.<\/strong><\/p>\n<p><!--more--><\/p>\n<p style=\"text-align: justify;\"><strong>Calama, 8 de agosto de 2018.<\/strong> En el marco de la inspecci\u00f3n a la Tostadora Ministro Hales del Distrito Norte de Codelco, el Superintendente del Medio Ambiente, Cristi\u00e1n Franz, y dos profesionales de la DFZ visitaron adem\u00e1s la Fundici\u00f3n Chuquicamata y el nuevo proyecto de la mina subterr\u00e1nea de dicha divisi\u00f3n.<\/p>\n<p style=\"text-align: justify;\">Esta visita se enmarca dentro de las actividades de promoci\u00f3n al cumplimiento de la SMA, para relevar los distintos permisos ambientales que tienen los proyectos en dicha divisi\u00f3n. Cabe destacar que hace unas semanas, tambi\u00e9n se realiz\u00f3 un taller destinado a todos los encargados ambientales de dicha zona, con el fin de entregar herramientas que permitan un mejor cumplimiento ambiental.<\/p>\n","protected":false},"excerpt":{"rendered":"<p>Junto a un equipo de la Divisi\u00f3n de Fiscalizaci\u00f3n, el Superintendente Cristi\u00e1n Franz, recorri\u00f3 el Distrito Norte de Codelco.<\/p>\n","protected":false},"author":3,"featured_media":17058,"comment_status":"open","ping_status":"open","sticky":false,"template":"","format":"standard","meta":{"footnotes":""},"categories":[94],"tags":[],"class_list":["post-17059","post","type-post","status-publish","format-standard","has-post-thumbnail","hentry","category-notas-noticias"],"_links":{"self":[{"href":"https:\/\/portal.sma.gob.cl\/index.php\/wp-json\/wp\/v2\/posts\/17059","targetHints":{"allow":["GET"]}}],"collection":[{"href":"https:\/\/portal.sma.gob.cl\/index.php\/wp-json\/wp\/v2\/posts"}],"about":[{"href":"https:\/\/portal.sma.gob.cl\/index.php\/wp-json\/wp\/v2\/types\/post"}],"author":[{"embeddable":true,"href":"https:\/\/portal.sma.gob.cl\/index.php\/wp-json\/wp\/v2\/users\/3"}],"replies":[{"embeddable":true,"href":"https:\/\/portal.sma.gob.cl\/index.php\/wp-json\/wp\/v2\/comments?post=17059"}],"version-history":[{"count":1,"href":"https:\/\/portal.sma.gob.cl\/index.php\/wp-json\/wp\/v2\/posts\/17059\/revisions"}],"predecessor-version":[{"id":17427,"href":"https:\/\/portal.sma.gob.cl\/index.php\/wp-json\/wp\/v2\/posts\/17059\/revisions\/17427"}],"wp:featuredmedia":[{"embeddable":true,"href":"https:\/\/portal.sma.gob.cl\/index.php\/wp-json\/wp\/v2\/media\/17058"}],"wp:attachment":[{"href":"https:\/\/portal.sma.gob.cl\/index.php\/wp-json\/wp\/v2\/media?parent=17059"}],"wp:term":[{"taxonomy":"category","embeddable":true,"href":"https:\/\/portal.sma.gob.cl\/index.php\/wp-json\/wp\/v2\/categories?post=17059"},{"taxonomy":"post_tag","embeddable":true,"href":"https:\/\/portal.sma.gob.cl\/index.php\/wp-json\/wp\/v2\/tags?post=17059"}],"curies":[{"name":"wp","href":"https:\/\/api.w.org\/{rel}","templated":true}]}}