{"id":17066,"date":"2018-08-13T14:03:34","date_gmt":"2018-08-13T14:03:34","guid":{"rendered":"https:\/\/portal.sma.gob.cl\/index.php\/2018\/08\/13\/equipo-regional-sma-de-la-araucania-visita-municipalidades-de-la-zona\/"},"modified":"2018-12-20T16:17:02","modified_gmt":"2018-12-20T16:17:02","slug":"equipo-regional-sma-de-la-araucania-visita-municipalidades-de-la-zona","status":"publish","type":"post","link":"https:\/\/portal.sma.gob.cl\/index.php\/equipo-regional-sma-de-la-araucania-visita-municipalidades-de-la-zona\/","title":{"rendered":"Equipo Regional SMA de La Araucan\u00eda visita municipalidades de la zona"},"content":{"rendered":"<p style=\"text-align: justify;\">\n<p style=\"text-align: justify;\"><strong>El nuevo equipo de la Oficina Regional de la SMA en la IX Regi\u00f3n, realiz\u00f3 una visita protocolar a los municipios de las comunas de Puc\u00f3n y Villarrica, con el objetivo de informar sobre las facultades de fiscalizaci\u00f3n y sanci\u00f3n de la Superintendencia.<\/strong><\/p>\n<p><!--more--><\/p>\n<p style=\"text-align: justify;\"><strong>Temuco, 13 de agosto de 2018.<\/strong> En el contexto de la inauguraci\u00f3n de la nueva Oficina Regional de la Superintendencia del Medio Ambiente en la Regi\u00f3n de La Araucan\u00eda, el equipo de la SMA liderado por el Jefe Regional Luis Mu\u00f1oz, realiz\u00f3 una visita la semana pasada a las municipalidades de las comunas de Villarrica y de Puc\u00f3n con el prop\u00f3sito de informar sobre el trabajo que realiza la entidad en la Regi\u00f3n.<\/p>\n<p style=\"text-align: justify;\">Duranta la visita a la Municipalidad de Puc\u00f3n, el equipo regional de la SMA fue recibido por el alcalde Carlos Barra y por personal de la Unidad de Medio Ambiente. En la reuni\u00f3n se compartieron antecedentes sobre el proyecto inmobiliario Costa Puc\u00f3n, que en el \u00faltimo tiempo ha sido aludido por descargas de aguas de napas subterr\u00e1neas al Lago Villarrica.<\/p>\n<p style=\"text-align: justify;\">Frente a este hecho, el equipo regional de la SMA aprovech\u00f3 la instancia para fiscalizar las obras en terreno, y para solicitar formalmente la documentaci\u00f3n respectiva, tanto al Municipio de Puc\u00f3n, al Servicio de Evaluaci\u00f3n Ambiental, y la empresa SOCOVESA, para hacer los an\u00e1lisis correspondientes.<\/p>\n<p style=\"text-align: justify;\">Con respecto a la visita de la Municipalidad de Villarrica, el equipo regional de la SMA se reuni\u00f3 con el encargado de la Unidad de Medio Ambiente, Francisco Quezada, a quien le presentaron las facultades de fiscalizaci\u00f3n y sanci\u00f3n del organismo, y adem\u00e1s revisaron los principales casos de la comuna.<\/p>\n<p style=\"text-align: justify;\">Cabe recordar que las dependencias de la SMA en la Araucan\u00eda est\u00e1n ubicadas en la calle <strong>San Mart\u00edn N\u00b0745, oficina 604, Edificio Uno, Temuco.<\/strong><\/p>\n","protected":false},"excerpt":{"rendered":"<p>El nuevo equipo de la Oficina Regional de la SMA en la IX Regi\u00f3n, realiz\u00f3 una visita protocolar a los municipios de las comunas de Puc\u00f3n y Villarrica, con el objetivo de informar sobre las facultades de fiscalizaci\u00f3n y sanci\u00f3n de la Superintendencia.<\/p>\n","protected":false},"author":3,"featured_media":17065,"comment_status":"open","ping_status":"open","sticky":false,"template":"","format":"standard","meta":{"footnotes":""},"categories":[94],"tags":[],"class_list":["post-17066","post","type-post","status-publish","format-standard","has-post-thumbnail","hentry","category-notas-noticias"],"_links":{"self":[{"href":"https:\/\/portal.sma.gob.cl\/index.php\/wp-json\/wp\/v2\/posts\/17066","targetHints":{"allow":["GET"]}}],"collection":[{"href":"https:\/\/portal.sma.gob.cl\/index.php\/wp-json\/wp\/v2\/posts"}],"about":[{"href":"https:\/\/portal.sma.gob.cl\/index.php\/wp-json\/wp\/v2\/types\/post"}],"author":[{"embeddable":true,"href":"https:\/\/portal.sma.gob.cl\/index.php\/wp-json\/wp\/v2\/users\/3"}],"replies":[{"embeddable":true,"href":"https:\/\/portal.sma.gob.cl\/index.php\/wp-json\/wp\/v2\/comments?post=17066"}],"version-history":[{"count":1,"href":"https:\/\/portal.sma.gob.cl\/index.php\/wp-json\/wp\/v2\/posts\/17066\/revisions"}],"predecessor-version":[{"id":17422,"href":"https:\/\/portal.sma.gob.cl\/index.php\/wp-json\/wp\/v2\/posts\/17066\/revisions\/17422"}],"wp:featuredmedia":[{"embeddable":true,"href":"https:\/\/portal.sma.gob.cl\/index.php\/wp-json\/wp\/v2\/media\/17065"}],"wp:attachment":[{"href":"https:\/\/portal.sma.gob.cl\/index.php\/wp-json\/wp\/v2\/media?parent=17066"}],"wp:term":[{"taxonomy":"category","embeddable":true,"href":"https:\/\/portal.sma.gob.cl\/index.php\/wp-json\/wp\/v2\/categories?post=17066"},{"taxonomy":"post_tag","embeddable":true,"href":"https:\/\/portal.sma.gob.cl\/index.php\/wp-json\/wp\/v2\/tags?post=17066"}],"curies":[{"name":"wp","href":"https:\/\/api.w.org\/{rel}","templated":true}]}}